{"id":6590,"date":"2026-08-18T14:24:09","date_gmt":"2026-08-18T12:24:09","guid":{"rendered":"https:\/\/juditandzsoltsf.com\/?p=6590"},"modified":"2026-08-30T08:36:39","modified_gmt":"2026-08-30T06:36:39","slug":"3-krisztusban-biztonsagban-vagyok","status":"publish","type":"post","link":"https:\/\/juditandzsoltsf.com\/en\/3-krisztusban-biztonsagban-vagyok\/","title":{"rendered":"3. KRISZTUSBAN BIZTONS\u00c1GBAN VAGYOK"},"content":{"rendered":"\t\t<div data-elementor-type=\"wp-post\" data-elementor-id=\"6590\" class=\"elementor elementor-6590\">\n\t\t\t\t<div class=\"elementor-element elementor-element-c255093 e-con e-atomic-element e-flexbox-base e-4e32c2d \" data-id=\"c255093\" data-element_type=\"e-flexbox\" data-e-type=\"e-flexbox\" data-interaction-id=\"c255093\">\n    \t\t<div class=\"elementor-element elementor-element-0be77b3 elementor-widget elementor-widget-heading\" data-id=\"0be77b3\" data-element_type=\"widget\" data-e-type=\"widget\" data-widget_type=\"heading.default\">\n\t\t\t\t<div class=\"elementor-widget-container\">\n\t\t\t\t\t<h3 class=\"elementor-heading-title elementor-size-default\">Isten pecs\u00e9tje (a L\u00e9lek) van rajtam<\/h3>\t\t\t\t<\/div>\n\t\t\t\t<\/div>\n\t\t\n<\/div>\n<div class=\"elementor-element elementor-element-314da53 e-con e-atomic-element e-flexbox-base e-cdc9ba5 \" data-id=\"314da53\" data-element_type=\"e-flexbox\" data-e-type=\"e-flexbox\" data-interaction-id=\"314da53\">\n    \t\t<div class=\"elementor-element elementor-element-932175f elementor-widget elementor-widget-text-editor\" data-id=\"932175f\" data-element_type=\"widget\" data-e-type=\"widget\" data-widget_type=\"text-editor.default\">\n\t\t\t\t<div class=\"elementor-widget-container\">\n\t\t\t\t\t\t\t\t\t<p>Sokszor a k\u00f6r\u00fclm\u00e9nyeink, a kudarcaink vagy m\u00e1sok v\u00e9lem\u00e9nye alapj\u00e1n pr\u00f3b\u00e1ljuk meghat\u00e1rozni, hogy kik vagyunk \u00e9s mennyire vagyunk biztons\u00e1gban. Pedig Isten eg\u00e9szen m\u00e1s alapot adott nek\u00fcnk. Krisztusban nem magunkra maradt, bizonytalan emberek vagyunk, hanem olyanok, akiket Isten mag\u00e1\u00e9nak jel\u00f6lt, megaj\u00e1nd\u00e9kozott a Szentl\u00e9lekkel, \u00e9s az \u0150 hatalmas ereje \u0151riz. A k\u00e9rd\u00e9s csak az: <strong data-start=\"374\" data-end=\"421\" data-is-last-node=\"\">elhiszem-e \u00e9s l\u00e1tom-e mindezt az \u00e9letemben?<\/strong><\/p>\t\t\t\t\t\t\t\t<\/div>\n\t\t\t\t<\/div>\n\t\t\n<\/div>\n<div class=\"elementor-element elementor-element-097985c e-con e-atomic-element e-flexbox-base e-ffee7bd \" data-id=\"097985c\" data-element_type=\"e-flexbox\" data-e-type=\"e-flexbox\" data-interaction-id=\"097985c\">\n    \t\t<div class=\"elementor-element elementor-element-4603276 elementor-widget elementor-widget-heading\" data-id=\"4603276\" data-element_type=\"widget\" data-e-type=\"widget\" data-widget_type=\"heading.default\">\n\t\t\t\t<div class=\"elementor-widget-container\">\n\t\t\t\t\t<h2 class=\"elementor-heading-title elementor-size-default\">Efezus 1:13-23<\/h2>\t\t\t\t<\/div>\n\t\t\t\t<\/div>\n\t\t\n<\/div>\n<div class=\"elementor-element elementor-element-f51d154 e-con e-atomic-element e-flexbox-base e-696b4bc \" data-id=\"f51d154\" data-element_type=\"e-flexbox\" data-e-type=\"e-flexbox\" data-interaction-id=\"f51d154\">\n    \t\t<div class=\"elementor-element elementor-element-39c8ee7 elementor-widget elementor-widget-heading\" data-id=\"39c8ee7\" data-element_type=\"widget\" data-e-type=\"widget\" data-widget_type=\"heading.default\">\n\t\t\t\t<div class=\"elementor-widget-container\">\n\t\t\t\t\t<h2 class=\"elementor-heading-title elementor-size-default\">AMIKOR NEM L\u00c1TJUK, KIK VAGYUNK<\/h2>\t\t\t\t<\/div>\n\t\t\t\t<\/div>\n\t\t\n<\/div>\n<div class=\"elementor-element elementor-element-28ca5a7 e-con e-atomic-element e-flexbox-base e-eb40adf \" data-id=\"28ca5a7\" data-element_type=\"e-flexbox\" data-e-type=\"e-flexbox\" data-interaction-id=\"28ca5a7\">\n    \t\t<div class=\"elementor-element elementor-element-5f7863b elementor-widget elementor-widget-text-editor\" data-id=\"5f7863b\" data-element_type=\"widget\" data-e-type=\"widget\" data-widget_type=\"text-editor.default\">\n\t\t\t\t<div class=\"elementor-widget-container\">\n\t\t\t\t\t\t\t\t\t<p>K\u00e9pzeld el: Reggel felkelsz, r\u00e1n\u00e9zel a telefonodra.<\/p><ul><li style=\"list-style-type: none;\"><ul><li>egy \u00fczenet, amire nem v\u00e1laszoltak<\/li><li>egy poszt, amin kevesebb like van, mint v\u00e1rtad<\/li><li>valaki m\u00e1st l\u00e1tod, aki \u201ejobban halad az \u00e9letben\u201d<\/li><\/ul><\/li><\/ul>\t\t\t\t\t\t\t\t<\/div>\n\t\t\t\t<\/div>\n\t\t\n<\/div>\n<div class=\"elementor-element elementor-element-33a1cf1 e-con e-atomic-element e-flexbox-base e-474e5a8 \" data-id=\"33a1cf1\" data-element_type=\"e-flexbox\" data-e-type=\"e-flexbox\" data-interaction-id=\"33a1cf1\">\n    \t\t<div class=\"elementor-element elementor-element-ce3cacd elementor-widget elementor-widget-text-editor\" data-id=\"ce3cacd\" data-element_type=\"widget\" data-e-type=\"widget\" data-widget_type=\"text-editor.default\">\n\t\t\t\t<div class=\"elementor-widget-container\">\n\t\t\t\t\t\t\t\t\t<p>\u00c9s m\u00e1r el is indult valami benned: <i>\u201eLehet, hogy \u00e9n kev\u00e9s vagyok\u2026\u201d<\/i> Ismer\u0151s? Az a durva, hogy ma nem kell, hogy b\u00e1rki konkr\u00e9tan leh\u00fazzon\u2026 <b>mi magunk csin\u00e1ljuk ezt bel\u00fcl. <\/b>Ha ez te vagy, akkor a mai ige b\u00edzom benne, hogy seg\u00edteni tud ebben neked.<\/p>\t\t\t\t\t\t\t\t<\/div>\n\t\t\t\t<\/div>\n\t\t\n<\/div>\n<div class=\"elementor-element elementor-element-f203c89 e-con e-atomic-element e-flexbox-base e-9b2b8d3 \" data-id=\"f203c89\" data-element_type=\"e-flexbox\" data-e-type=\"e-flexbox\" data-interaction-id=\"f203c89\">\n    \t\t<div class=\"elementor-element elementor-element-f142f37 elementor-widget elementor-widget-text-editor\" data-id=\"f142f37\" data-element_type=\"widget\" data-e-type=\"widget\" data-widget_type=\"text-editor.default\">\n\t\t\t\t<div class=\"elementor-widget-container\">\n\t\t\t\t\t\t\t\t\t<p>Ebben a szakaszban a Szenth\u00e1roms\u00e1g: Atya (1-6), Fi\u00fa (7-12) \u00e9s Szentl\u00e9lek (13-23). Ma a Szentl\u00e9lekr\u0151l lesz sz\u00f3. Szentl\u00e9lek: pecs\u00e9t rajtunk, aki meg is tud v\u00e9deni, \u00e9s be is tudja tartani az \u00edg\u00e9ret\u00e9t, mert olyan hatalmas ereje van.<\/p>\t\t\t\t\t\t\t\t<\/div>\n\t\t\t\t<\/div>\n\t\t\n<\/div>\n<div class=\"elementor-element elementor-element-98deacf e-con e-atomic-element e-flexbox-base e-3bf070b \" data-id=\"98deacf\" data-element_type=\"e-flexbox\" data-e-type=\"e-flexbox\" data-interaction-id=\"98deacf\">\n    \t\t<div class=\"elementor-element elementor-element-e80c96c elementor-widget elementor-widget-text-editor\" data-id=\"e80c96c\" data-element_type=\"widget\" data-e-type=\"widget\" data-widget_type=\"text-editor.default\">\n\t\t\t\t<div class=\"elementor-widget-container\">\n\t\t\t\t\t\t\t\t\t<p>Ha megt\u00e9rt\u00e9l, akkor a Szentl\u00e9lek bek\u00f6lt\u00f6z\u00f6tt a sz\u00edvedbe, benned lakik, a tested a Szentl\u00e9lek temploma. A mai ige megmagyar\u00e1zza mit tesz a Szentl\u00e9lek Isten az \u00e9letedben, am\u00edg itt a f\u00f6ld\u00f6n j\u00e1rsz. Fogjuk l\u00e1tni, hogy \u00d3RI\u00c1SI BIZTONS\u00c1GBAN VAGYUNK, persze Krisztusban, \u00e9s Isten b\u00e9kess\u00e9ge \u00e9s \u00f6r\u00f6me bet\u00f6ltheti a sz\u00edveinket.<\/p>\t\t\t\t\t\t\t\t<\/div>\n\t\t\t\t<\/div>\n\t\t\n<\/div>\n<div class=\"elementor-element elementor-element-a1e97b9 e-con e-atomic-element e-flexbox-base e-0876745 \" data-id=\"a1e97b9\" data-element_type=\"e-flexbox\" data-e-type=\"e-flexbox\" data-interaction-id=\"a1e97b9\">\n    \t\t<div class=\"elementor-element elementor-element-955dbf4 elementor-widget elementor-widget-heading\" data-id=\"955dbf4\" data-element_type=\"widget\" data-e-type=\"widget\" data-widget_type=\"heading.default\">\n\t\t\t\t<div class=\"elementor-widget-container\">\n\t\t\t\t\t<h2 class=\"elementor-heading-title elementor-size-default\">MIT ADOTT NEK\u00dcNK ISTEN KRISZTUSBAN?<\/h2>\t\t\t\t<\/div>\n\t\t\t\t<\/div>\n\t\t\n<\/div>\n<div class=\"elementor-element elementor-element-944627e e-con e-atomic-element e-flexbox-base e-e495ff5 \" data-id=\"944627e\" data-element_type=\"e-flexbox\" data-e-type=\"e-flexbox\" data-interaction-id=\"944627e\">\n    \t\t<div class=\"elementor-element elementor-element-ccbdc21 elementor-widget elementor-widget-heading\" data-id=\"ccbdc21\" data-element_type=\"widget\" data-e-type=\"widget\" data-widget_type=\"heading.default\">\n\t\t\t\t<div class=\"elementor-widget-container\">\n\t\t\t\t\t<h3 class=\"elementor-heading-title elementor-size-default\">Identit\u00e1s (ki vagyok \u00e9n?) - Pecs\u00e9t<\/h3>\t\t\t\t<\/div>\n\t\t\t\t<\/div>\n\t\t\n<\/div>\n<div class=\"elementor-element elementor-element-8dc4333 e-con e-atomic-element e-flexbox-base e-5df4af9 \" data-id=\"8dc4333\" data-element_type=\"e-flexbox\" data-e-type=\"e-flexbox\" data-interaction-id=\"8dc4333\">\n    \t\t<div class=\"elementor-element elementor-element-9e85baf elementor-widget elementor-widget-text-editor\" data-id=\"9e85baf\" data-element_type=\"widget\" data-e-type=\"widget\" data-widget_type=\"text-editor.default\">\n\t\t\t\t<div class=\"elementor-widget-container\">\n\t\t\t\t\t\t\t\t\t<p>A sorozat az identit\u00e1sunkr\u00f3l sz\u00f3l Krisztusban. <i>en Christo<\/i> \u2013 \u0150benne: \u00edgy kezd\u0151dik a mai igeszakasz, majd P\u00e1l \u00fagy folytatja, hogy el lett\u00fcnk pecs\u00e9telve Szentl\u00e9lekkel, miut\u00e1n hallottuk az igazs\u00e1g besz\u00e9d\u00e9t, \u00fcdv\u00f6ss\u00e9g\u00fcnk evang\u00e9lium\u00e1t, \u00e9s miut\u00e1n h\u00edv\u0151kk\u00e9 lett\u00fcnk, vagyis miut\u00e1n megt\u00e9rt\u00fcnk.<\/p>\t\t\t\t\t\t\t\t<\/div>\n\t\t\t\t<\/div>\n\t\t\n<\/div>\n<div class=\"elementor-element elementor-element-1dd5d10 e-con e-atomic-element e-flexbox-base e-31006e0 \" data-id=\"1dd5d10\" data-element_type=\"e-flexbox\" data-e-type=\"e-flexbox\" data-interaction-id=\"1dd5d10\">\n    \t\t<div class=\"elementor-element elementor-element-525632e elementor-widget elementor-widget-text-editor\" data-id=\"525632e\" data-element_type=\"widget\" data-e-type=\"widget\" data-widget_type=\"text-editor.default\">\n\t\t\t\t<div class=\"elementor-widget-container\">\n\t\t\t\t\t\t\t\t\t<p>Pszichol\u00f3gia: Az identit\u00e1s az egyik legfontosabb stabiliz\u00e1l\u00f3 t\u00e9nyez\u0151. Ha ez bizonytalan: szorong\u00e1s, megfelel\u00e9si k\u00e9nyszer, \u00f6n\u00e9rt\u00e9kel\u00e9si zavarok jelennek meg. A pecs\u00e9t az \u00f3korban TULAJDONJOG volt. Els\u0151dleges funkci\u00f3ja az volt, hogy megjel\u00f6lj\u00e9k, mi tartozik egy adott szem\u00e9lyhez vagy az uralkod\u00f3hoz. Mivel el lett\u00fcnk pecs\u00e9telve a Szentl\u00e9lekkel, Istenhez tartozunk, \u00d6v\u00e9i vagyunk \u00e9s ez az IDENTIT\u00c1SUNK ALAPJA. Nem csak akkor, \u201eha j\u00f3l teljes\u00edtesz\u201d, \u201eha el\u00e9g j\u00f3 vagy\u201d vagy \u201eha m\u00e1sok elfogadnak\u201d hanem PONT \u00cdGY, MOST, SZERET\u0150 \u00c9DESAP\u00c1D ELFOGADOTT \u00e9s az \u0150 gyermeke vagy.<\/p>\t\t\t\t\t\t\t\t<\/div>\n\t\t\t\t<\/div>\n\t\t\n<\/div>\n<div class=\"elementor-element elementor-element-55b9bb9 e-con e-atomic-element e-flexbox-base e-fe65733 \" data-id=\"55b9bb9\" data-element_type=\"e-flexbox\" data-e-type=\"e-flexbox\" data-interaction-id=\"55b9bb9\">\n    \t\t<div class=\"elementor-element elementor-element-9e7b34a elementor-widget elementor-widget-text-editor\" data-id=\"9e7b34a\" data-element_type=\"widget\" data-e-type=\"widget\" data-widget_type=\"text-editor.default\">\n\t\t\t\t<div class=\"elementor-widget-container\">\n\t\t\t\t\t\t\t\t\t<p>A Pecs\u00e9t nem csak tulajdonjog jele volt, hanem V\u00c9DELMET is biztos\u00edtott. Az \u00f3korban a kir\u00e1lyi pecs\u00e9t azt \u00fczente: <i>\u201eEz az \u00e1ru az \u00e9n tulajdonom, \u00e9s aki felt\u00f6ri, az a birodalom teljes hatalm\u00e1val ker\u00fcl szembe!\u201d<\/i>.<\/p>\t\t\t\t\t\t\t\t<\/div>\n\t\t\t\t<\/div>\n\t\t\n<\/div>\n<div class=\"elementor-element elementor-element-ae1f944 e-con e-atomic-element e-flexbox-base e-0c89998 \" data-id=\"ae1f944\" data-element_type=\"e-flexbox\" data-e-type=\"e-flexbox\" data-interaction-id=\"ae1f944\">\n    \t\t<div class=\"elementor-element elementor-element-438e76f elementor-widget elementor-widget-text-editor\" data-id=\"438e76f\" data-element_type=\"widget\" data-e-type=\"widget\" data-widget_type=\"text-editor.default\">\n\t\t\t\t<div class=\"elementor-widget-container\">\n\t\t\t\t\t\t\t\t\t<p>Amikor Isten elpecs\u00e9telt a Szentl\u00e9lekkel, az nem egy egyszer\u0171 ad\u00e1sv\u00e9tel (biznisz tranzakci\u00f3) volt. A S\u00e1t\u00e1n \u00e9s a s\u00f6t\u00e9ts\u00e9g er\u0151i l\u00e1tj\u00e1k rajtad a \u201ekir\u00e1lyi pecs\u00e9tet\u201d. Tudj\u00e1k, hogy ha hozz\u00e1d ny\u00falnak, a Mindens\u00e9g Ur\u00e1nak hatalm\u00e1val ker\u00fclnek szembe.<\/p>\t\t\t\t\t\t\t\t<\/div>\n\t\t\t\t<\/div>\n\t\t\n<\/div>\n<div class=\"elementor-element elementor-element-b27a881 e-con e-atomic-element e-flexbox-base e-d95ed9e \" data-id=\"b27a881\" data-element_type=\"e-flexbox\" data-e-type=\"e-flexbox\" data-interaction-id=\"b27a881\">\n    \t\t<div class=\"elementor-element elementor-element-b1c83f6 elementor-widget elementor-widget-text-editor\" data-id=\"b1c83f6\" data-element_type=\"widget\" data-e-type=\"widget\" data-widget_type=\"text-editor.default\">\n\t\t\t\t<div class=\"elementor-widget-container\">\n\t\t\t\t\t\t\t\t\t<p>J\u00e9zus azt mondja neked ma: ENY\u00c9M VAGY. T\u00e9ged v\u00e1lasztottalak a vil\u00e1g teremt\u00e9se el\u0151tt \u00e9s lepecs\u00e9teltelek a Szentl\u00e9lek \u00e1ltal. MAXIM\u00c1LIS BIZTONS\u00c1GBAN vagy, senki nem ragadhat ki t\u00e9ged az \u00e9n kezemb\u0151l. Ez az alapja az identit\u00e1sunknak, nem az, amit m\u00e1sok mondanak r\u00f3lunk.<\/p>\t\t\t\t\t\t\t\t<\/div>\n\t\t\t\t<\/div>\n\t\t\n<\/div>\n<div class=\"elementor-element elementor-element-5817e34 e-con e-atomic-element e-flexbox-base e-e421bf8 \" data-id=\"5817e34\" data-element_type=\"e-flexbox\" data-e-type=\"e-flexbox\" data-interaction-id=\"5817e34\">\n    \t\t<div class=\"elementor-element elementor-element-74d0eed elementor-widget elementor-widget-image\" data-id=\"74d0eed\" data-element_type=\"widget\" data-e-type=\"widget\" data-widget_type=\"image.default\">\n\t\t\t\t<div class=\"elementor-widget-container\">\n\t\t\t\t\t\t\t\t\t\t\t\t\t\t\t<img fetchpriority=\"high\" decoding=\"async\" width=\"1024\" height=\"683\" src=\"https:\/\/i0.wp.com\/juditandzsoltsf.com\/wp-content\/uploads\/2026\/08\/Kep-8-1.jpeg?fit=1024%2C683&amp;ssl=1\" class=\"attachment-large size-large wp-image-6663\" alt=\"\" srcset=\"https:\/\/i0.wp.com\/juditandzsoltsf.com\/wp-content\/uploads\/2026\/08\/Kep-8-1.jpeg?w=1280&amp;ssl=1 1280w, https:\/\/i0.wp.com\/juditandzsoltsf.com\/wp-content\/uploads\/2026\/08\/Kep-8-1.jpeg?resize=300%2C200&amp;ssl=1 300w, https:\/\/i0.wp.com\/juditandzsoltsf.com\/wp-content\/uploads\/2026\/08\/Kep-8-1.jpeg?resize=1024%2C683&amp;ssl=1 1024w, https:\/\/i0.wp.com\/juditandzsoltsf.com\/wp-content\/uploads\/2026\/08\/Kep-8-1.jpeg?resize=768%2C512&amp;ssl=1 768w, https:\/\/i0.wp.com\/juditandzsoltsf.com\/wp-content\/uploads\/2026\/08\/Kep-8-1.jpeg?resize=18%2C12&amp;ssl=1 18w\" sizes=\"(max-width: 1000px) 100vw, 1000px\" \/>\t\t\t\t\t\t\t\t\t\t\t\t\t\t\t<\/div>\n\t\t\t\t<\/div>\n\t\t\n<\/div>\n<div class=\"elementor-element elementor-element-3dec8c3 e-con e-atomic-element e-flexbox-base e-6c428e0 \" data-id=\"3dec8c3\" data-element_type=\"e-flexbox\" data-e-type=\"e-flexbox\" data-interaction-id=\"3dec8c3\">\n    \t\t<div class=\"elementor-element elementor-element-eeb1c56 elementor-widget elementor-widget-heading\" data-id=\"eeb1c56\" data-element_type=\"widget\" data-e-type=\"widget\" data-widget_type=\"heading.default\">\n\t\t\t\t<div class=\"elementor-widget-container\">\n\t\t\t\t\t<h3 class=\"elementor-heading-title elementor-size-default\">Mennyei el\u0151leg \u2013 Z\u00e1log (foglal\u00f3)<\/h3>\t\t\t\t<\/div>\n\t\t\t\t<\/div>\n\t\t\n<\/div>\n<div class=\"elementor-element elementor-element-0c6b36c e-con e-atomic-element e-flexbox-base e-f4c85ef \" data-id=\"0c6b36c\" data-element_type=\"e-flexbox\" data-e-type=\"e-flexbox\" data-interaction-id=\"0c6b36c\">\n    \t\t<div class=\"elementor-element elementor-element-011fbe6 elementor-widget elementor-widget-text-editor\" data-id=\"011fbe6\" data-element_type=\"widget\" data-e-type=\"widget\" data-widget_type=\"text-editor.default\">\n\t\t\t\t<div class=\"elementor-widget-container\">\n\t\t\t\t\t\t\t\t\t<p>A z\u00e1log (vagy foglal\u00f3) az \u00f3kori piacon a v\u00e9tel\u00e1r els\u0151, hatalmas r\u00e9szlete volt. Isten nemcsak \u00edg\u00e9rget neked: \u0150 m\u00e1r \u201efizetett\u201d. Belehelyezte a sz\u00edvedbe a Szentlelket, mint egy \u00e9gi el\u0151leget.<\/p>\t\t\t\t\t\t\t\t<\/div>\n\t\t\t\t<\/div>\n\t\t\n<\/div>\n<div class=\"elementor-element elementor-element-280c834 e-con e-atomic-element e-flexbox-base e-bf0c57c \" data-id=\"280c834\" data-element_type=\"e-flexbox\" data-e-type=\"e-flexbox\" data-interaction-id=\"280c834\">\n    \t\t<div class=\"elementor-element elementor-element-19f2065 elementor-widget elementor-widget-text-editor\" data-id=\"19f2065\" data-element_type=\"widget\" data-e-type=\"widget\" data-widget_type=\"text-editor.default\">\n\t\t\t\t<div class=\"elementor-widget-container\">\n\t\t\t\t\t\t\t\t\t<p><i>Az elk\u00f6telez\u0151d\u00e9s bizony\u00edt\u00e9ka<\/i>: A foglal\u00f3 azt jelzi, hogy az \u00fczlet visszavonhatatlan. A vev\u0151 nem gondolhatja meg m\u00e1r mag\u00e1t, hanem k\u00f6telezi mag\u00e1t arra, hogy majd a teljes v\u00e9tel\u00e1rat ki fogja fizetni. A Szentl\u00e9lek a sz\u00edv\u00fcnkben azt jelzi, hogy biztos az \u00fcdv\u00f6ss\u00e9g\u00fcnk, Isten nem fogja meggondolni mag\u00e1t, mert m\u00e1r letette a foglal\u00f3t. (El lehet-e vesz\u00edteni? Nem. El lehet dobni? K\u00e9rd\u0151jel.)<\/p>\t\t\t\t\t\t\t\t<\/div>\n\t\t\t\t<\/div>\n\t\t\n<\/div>\n<div class=\"elementor-element elementor-element-87f3a16 e-con e-atomic-element e-flexbox-base e-185bccc \" data-id=\"87f3a16\" data-element_type=\"e-flexbox\" data-e-type=\"e-flexbox\" data-interaction-id=\"87f3a16\">\n    \t\t<div class=\"elementor-element elementor-element-114829a elementor-widget elementor-widget-text-editor\" data-id=\"114829a\" data-element_type=\"widget\" data-e-type=\"widget\" data-widget_type=\"text-editor.default\">\n\t\t\t\t<div class=\"elementor-widget-container\">\n\t\t\t\t\t\t\t\t\t<p><i>Tulajdonosv\u00e1lt\u00e1s (ingatlan)<\/i>: Amint az el\u0151leg az asztalon van, a birtok \u00e9s a h\u00e1z sorsa eld\u0151lt. M\u00e1r nem a r\u00e9gi gazda parancsol, m\u00e1r nem hirdethetik meg m\u00e1snak. A \u201efoglal\u00f3\u201d (a Szentl\u00e9lek) bek\u00f6lt\u00f6z\u00f6tt a sz\u00edvedbe, \u00e9s ezzel Isten jelezte: az ad\u00e1sv\u00e9tel megt\u00f6rt\u00e9nt, te m\u00e1r az \u00d6v\u00e9 vagy \u00d6R\u00d6KRE.<\/p>\t\t\t\t\t\t\t\t<\/div>\n\t\t\t\t<\/div>\n\t\t\n<\/div>\n<div class=\"elementor-element elementor-element-5274402 e-con e-atomic-element e-flexbox-base e-30e9a4e \" data-id=\"5274402\" data-element_type=\"e-flexbox\" data-e-type=\"e-flexbox\" data-interaction-id=\"5274402\">\n    \t\t<div class=\"elementor-element elementor-element-2fdaea0 elementor-widget elementor-widget-text-editor\" data-id=\"2fdaea0\" data-element_type=\"widget\" data-e-type=\"widget\" data-widget_type=\"text-editor.default\">\n\t\t\t\t<div class=\"elementor-widget-container\">\n\t\t\t\t\t\t\t\t\t<p><i>\u00d6r\u00f6ks\u00e9g\u00fcnk z\u00e1loga<\/i><b> <\/b>(ez a Szentl\u00e9k, de lehet j\u00f6v\u0151beli dolgokra is gondolni). Ez a foglal\u00f3 egyben EL\u0150\u00cdZ is: amikor bet\u00f6ltekezel Szentl\u00e9lekkel \u00e9s \u00e1t\u00e9led Isten \u00f6r\u00f6m\u00e9t, b\u00e9kess\u00e9g\u00e9t, vagy er\u0151t kapsz egy neh\u00e9z helyzetben, akkor Isten nemcsak a garanciajegyet mutatja fel, hanem ad egy \u00edzel\u00edt\u0151t a Mennyorsz\u00e1gb\u00f3l. \u00c1t\u00e9lsz valamit a j\u00f6v\u0151b\u0151l, hogy tudd: a teljes \u00f6r\u00f6ks\u00e9g ehhez hasonl\u00f3 de m\u00e9g enn\u00e9l is dics\u0151s\u00e9gesebb lesz! A Zsid\u00f3 lev\u00e9l arr\u00f3l besz\u00e9l, hogy a megt\u00e9r\u00e9skor az emberek:<span class=\"Apple-converted-space\">\u00a0<\/span><\/p>\t\t\t\t\t\t\t\t<\/div>\n\t\t\t\t<\/div>\n\t\t\n<\/div>\n<div class=\"elementor-element elementor-element-455d8d9 e-con e-atomic-element e-flexbox-base e-4295665 \" data-id=\"455d8d9\" data-element_type=\"e-flexbox\" data-e-type=\"e-flexbox\" data-interaction-id=\"455d8d9\">\n    \t\t<div class=\"elementor-element elementor-element-c34208d elementor-widget elementor-widget-text-editor\" data-id=\"c34208d\" data-element_type=\"widget\" data-e-type=\"widget\" data-widget_type=\"text-editor.default\">\n\t\t\t\t<div class=\"elementor-widget-container\">\n\t\t\t\t\t\t\t\t\t<blockquote><p>&#8220;megvil\u00e1gos\u00edttattak, \u00e9s meg\u00edzlelt\u00e9k a mennyei aj\u00e1nd\u00e9kot, \u00e9s r\u00e9szeseiv\u00e9 lettek a Szentl\u00e9leknek, [\u00edgy] meg\u00edzlelt\u00e9k Isten fels\u00e9ges besz\u00e9d\u00e9t \u00e9s az elj\u00f6vend\u0151 vil\u00e1g er\u0151it, &#8230; &#8221; Zsid\u00f3k 6:4-5<\/p><\/blockquote>\t\t\t\t\t\t\t\t<\/div>\n\t\t\t\t<\/div>\n\t\t\n<\/div>\n<div class=\"elementor-element elementor-element-327eb2f e-con e-atomic-element e-flexbox-base e-e68ac99 \" data-id=\"327eb2f\" data-element_type=\"e-flexbox\" data-e-type=\"e-flexbox\" data-interaction-id=\"327eb2f\">\n    \t\t<div class=\"elementor-element elementor-element-c7dab5c elementor-widget elementor-widget-text-editor\" data-id=\"c7dab5c\" data-element_type=\"widget\" data-e-type=\"widget\" data-widget_type=\"text-editor.default\">\n\t\t\t\t<div class=\"elementor-widget-container\">\n\t\t\t\t\t\t\t\t\t<p><i>\u00d6r\u00f6ks\u00e9g<\/i>. Ez a sz\u00f3 t\u00f6bbsz\u00f6r szerepel az Ef\u00e9zus 1. fejezet\u00e9ben \u00e9s az \u00daSZ-ben. Az \u00daSZ-i ig\u00e9k alapj\u00e1n kimondhat\u00f3, hogy az \u00f6r\u00f6ks\u00e9g Krisztusban m\u00e1r bizonyos \u00e9rtelemben a mi\u00e9nk, de a teljess\u00e9g\u00e9t a j\u00f6v\u0151ben, a mennyei dics\u0151s\u00e9gben fogjuk birtokolni. M\u00e1r most a mi\u00e9nk, de nem teljesen. A Szentl\u00e9lek \u00e1ltal m\u00e1r most \u00e9lvezhetj\u00fck a mennyei \u00f6r\u00f6ks\u00e9g\u00fcnk egy r\u00e9sz\u00e9t. Mik ezek, pl.?<\/p>\t\t\t\t\t\t\t\t<\/div>\n\t\t\t\t<\/div>\n\t\t\n<\/div>\n<div class=\"elementor-element elementor-element-760e140 e-con e-atomic-element e-flexbox-base e-d4620bc \" data-id=\"760e140\" data-element_type=\"e-flexbox\" data-e-type=\"e-flexbox\" data-interaction-id=\"760e140\">\n    \t\t<div class=\"elementor-element elementor-element-8573833 elementor-widget elementor-widget-text-editor\" data-id=\"8573833\" data-element_type=\"widget\" data-e-type=\"widget\" data-widget_type=\"text-editor.default\">\n\t\t\t\t<div class=\"elementor-widget-container\">\n\t\t\t\t\t\t\t\t\t<ul><li style=\"list-style-type: none;\"><ul><li>kapcsolat Istennel (nem t\u00e1volr\u00f3l, hanem k\u00f6zvetlen\u00fcl)<\/li><li>\u00daj identit\u00e1s (nem a m\u00faltad hat\u00e1roz meg)<\/li><li>L\u00e9lek gy\u00fcm\u00f6lcse: szeretet, \u00f6r\u00f6m, b\u00e9kess\u00e9g, stb.<\/li><li>V\u00e9delem az ellens\u00e9gt\u0151l<\/li><li>Isten vezet\u00e9se<\/li><li>Er\u0151 a mindennapokban \u00e9s a pr\u00f3b\u00e1kban<\/li><\/ul><\/li><\/ul>\t\t\t\t\t\t\t\t<\/div>\n\t\t\t\t<\/div>\n\t\t\n<\/div>\n<div class=\"elementor-element elementor-element-4e6745f e-con e-atomic-element e-flexbox-base e-d6a73a3 \" data-id=\"4e6745f\" data-element_type=\"e-flexbox\" data-e-type=\"e-flexbox\" data-interaction-id=\"4e6745f\">\n    \t\t<div class=\"elementor-element elementor-element-6ed3c86 elementor-widget elementor-widget-text-editor\" data-id=\"6ed3c86\" data-element_type=\"widget\" data-e-type=\"widget\" data-widget_type=\"text-editor.default\">\n\t\t\t\t<div class=\"elementor-widget-container\">\n\t\t\t\t\t\t\t\t\t<p>A j\u00f6v\u0151beli \u00f6r\u00f6ks\u00e9g\u00fcnk pedig az \u00f6r\u00f6k \u00e9let az \u00faj teremt\u00e9sben, minden \u00e1ld\u00e1s\u00e1val egy\u00fctt.<\/p>\t\t\t\t\t\t\t\t<\/div>\n\t\t\t\t<\/div>\n\t\t\n<\/div>\n<div class=\"elementor-element elementor-element-962adc6 e-con e-atomic-element e-flexbox-base e-48b5bfe \" data-id=\"962adc6\" data-element_type=\"e-flexbox\" data-e-type=\"e-flexbox\" data-interaction-id=\"962adc6\">\n    \t\t<div class=\"elementor-element elementor-element-0334797 elementor-widget elementor-widget-heading\" data-id=\"0334797\" data-element_type=\"widget\" data-e-type=\"widget\" data-widget_type=\"heading.default\">\n\t\t\t\t<div class=\"elementor-widget-container\">\n\t\t\t\t\t<h3 class=\"elementor-heading-title elementor-size-default\">Gazdags\u00e1g \u2013 Megvil\u00e1gos\u00edt\u00e1s<\/h3>\t\t\t\t<\/div>\n\t\t\t\t<\/div>\n\t\t\n<\/div>\n<div class=\"elementor-element elementor-element-bf9e27f e-con e-atomic-element e-flexbox-base e-9b674e5 \" data-id=\"bf9e27f\" data-element_type=\"e-flexbox\" data-e-type=\"e-flexbox\" data-interaction-id=\"bf9e27f\">\n    \t\t<div class=\"elementor-element elementor-element-65e10bf elementor-widget elementor-widget-text-editor\" data-id=\"65e10bf\" data-element_type=\"widget\" data-e-type=\"widget\" data-widget_type=\"text-editor.default\">\n\t\t\t\t<div class=\"elementor-widget-container\">\n\t\t\t\t\t\t\t\t\t<p>Az Ef\u00e9zus levele \u00edgy kezd\u0151d\u00f6tt: \u00c1ldott az Isten, a mi Urunk J\u00e9zus Krisztus Atyja, aki meg\u00e1ldott minket mennyei vil\u00e1g\u00e1nak minden lelki \u00e1ld\u00e1s\u00e1val Krisztusban. (3).<\/p>\t\t\t\t\t\t\t\t<\/div>\n\t\t\t\t<\/div>\n\t\t\n<\/div>\n<div class=\"elementor-element elementor-element-d3185c0 e-con e-atomic-element e-flexbox-base e-7cd684e \" data-id=\"d3185c0\" data-element_type=\"e-flexbox\" data-e-type=\"e-flexbox\" data-interaction-id=\"d3185c0\">\n    \t\t<div class=\"elementor-element elementor-element-1faab27 elementor-widget elementor-widget-text-editor\" data-id=\"1faab27\" data-element_type=\"widget\" data-e-type=\"widget\" data-widget_type=\"text-editor.default\">\n\t\t\t\t<div class=\"elementor-widget-container\">\n\t\t\t\t\t\t\t\t\t<p>Ez a f\u00f6ldi \u00e9s mennyei \u00f6r\u00f6ks\u00e9g\u00fcnk Krisztusban nagyon b\u0151s\u00e9ges. Eszm\u00e9letlen gazdagok vagyunk, amit emberileg fel sem foghatunk. P\u00e1l:<span class=\"Apple-converted-space\">\u00a0<\/span><\/p>\t\t\t\t\t\t\t\t<\/div>\n\t\t\t\t<\/div>\n\t\t\n<\/div>\n<div class=\"elementor-element elementor-element-7c008a4 e-con e-atomic-element e-flexbox-base e-668097d \" data-id=\"7c008a4\" data-element_type=\"e-flexbox\" data-e-type=\"e-flexbox\" data-interaction-id=\"7c008a4\">\n    \t\t<div class=\"elementor-element elementor-element-452c23c elementor-widget elementor-widget-text-editor\" data-id=\"452c23c\" data-element_type=\"widget\" data-e-type=\"widget\" data-widget_type=\"text-editor.default\">\n\t\t\t\t<div class=\"elementor-widget-container\">\n\t\t\t\t\t\t\t\t\t<blockquote><p>Meg van \u00edrva: \u201eAmit szem nem l\u00e1tott, f\u00fcl nem hallott, \u00e9s ember sz\u00edve meg sem sejtett, azt k\u00e9sz\u00edtette el Isten az \u0151t szeret\u0151knek.\u201d 1Korinthus 2:9<\/p><\/blockquote>\t\t\t\t\t\t\t\t<\/div>\n\t\t\t\t<\/div>\n\t\t\n<\/div>\n<div class=\"elementor-element elementor-element-bcc8e4b e-con e-atomic-element e-flexbox-base e-c7a3d45 \" data-id=\"bcc8e4b\" data-element_type=\"e-flexbox\" data-e-type=\"e-flexbox\" data-interaction-id=\"bcc8e4b\">\n    \t\t<div class=\"elementor-element elementor-element-8fe96c2 elementor-widget elementor-widget-text-editor\" data-id=\"8fe96c2\" data-element_type=\"widget\" data-e-type=\"widget\" data-widget_type=\"text-editor.default\">\n\t\t\t\t<div class=\"elementor-widget-container\">\n\t\t\t\t\t\t\t\t\t<p>Valaki \u00edgy fogalmazta ezt meg, \u201eAz Ef\u00e9zus lev\u00e9lben az \u2019ISTEN GAZDAGS\u00c1GA\u2019 k\u00f6zponti gondolat, amely Isten Krisztusban adott \u00e1ld\u00e1sainak pazar b\u0151s\u00e9g\u00e9re mutat r\u00e1 Ehhez t\u00e1rsul a \u2019ki\u00e1rasztotta\u2019 (vagy elhalmozott) ige, amely a b\u0151s\u00e9g \u00e9s a t\u00fal\u00e1rad\u00f3 b\u0151kez\u0171s\u00e9g k\u00e9pzet\u00e9t hordozza. Szinte alig akadnak szavak, amelyek m\u00e9lt\u00f3an le\u00edrhatn\u00e1k ISTEN AJ\u00c1ND\u00c9KOZ\u00c1S\u00c1NAK KIMER\u00cdTHETETLEN TERM\u00c9SZET\u00c9T.\u201d<\/p>\t\t\t\t\t\t\t\t<\/div>\n\t\t\t\t<\/div>\n\t\t\n<\/div>\n<div class=\"elementor-element elementor-element-d56c5a6 e-con e-atomic-element e-flexbox-base e-8837a6d \" data-id=\"d56c5a6\" data-element_type=\"e-flexbox\" data-e-type=\"e-flexbox\" data-interaction-id=\"d56c5a6\">\n    \t\t<div class=\"elementor-element elementor-element-8512bdd elementor-widget elementor-widget-text-editor\" data-id=\"8512bdd\" data-element_type=\"widget\" data-e-type=\"widget\" data-widget_type=\"text-editor.default\">\n\t\t\t\t<div class=\"elementor-widget-container\">\n\t\t\t\t\t\t\t\t\t<p>Sz\u00f3val iszonyatosan gazdagok vagyunk Krisztusban, csak az a baj, hogy HA EZT NEM HISSZ\u00dcK EL, AKKOR EZ NEM \u00c9R SEMMIT. P\u00e9lda: A t\u00e9kozl\u00f3 fi\u00fa t\u00f6rt\u00e9net\u00e9ben a 2. fi\u00fa, aki duzzogott, amikor az \u00f6ccs\u00e9nek bulit csapott az apja \u00e9s lev\u00e1gott egy h\u00edzott borj\u00fat. Ezt mondja: L\u00e1tod, h\u00e1ny esztendeje szolg\u00e1lok neked, soha nem szegtem meg parancsodat, de te sohasem adt\u00e1l nekem m\u00e9g egy kecskegid\u00e1t sem, hogy mulathassak bar\u00e1taimmal. Erre az apa: Fiam, te mindig velem vagy, \u00e9s mindenem a tied. \u00d6v\u00e9 volt az \u00f6r\u00f6ks\u00e9g, hiszen a kicsi m\u00e1r megkapta \u00e9s elt\u00e9kozolta azt. B\u00e1rmikor k\u00e9rhetett volna az apj\u00e1t\u00f3l. \u00dagy \u00e9lt mint egy koldus, pedig nagyon gazdag volt.<\/p>\t\t\t\t\t\t\t\t<\/div>\n\t\t\t\t<\/div>\n\t\t\n<\/div>\n<div class=\"elementor-element elementor-element-c987819 e-con e-atomic-element e-flexbox-base e-6f0f085 \" data-id=\"c987819\" data-element_type=\"e-flexbox\" data-e-type=\"e-flexbox\" data-interaction-id=\"c987819\">\n    \t\t<div class=\"elementor-element elementor-element-3266a1f elementor-widget elementor-widget-text-editor\" data-id=\"3266a1f\" data-element_type=\"widget\" data-e-type=\"widget\" data-widget_type=\"text-editor.default\">\n\t\t\t\t<div class=\"elementor-widget-container\">\n\t\t\t\t\t\t\t\t\t<p>A legnagyobb trag\u00e9dia nem az, ha valakinek nincs \u00f6r\u00f6ks\u00e9ge\u2026<br \/>hanem ha van \u2014 \u00e9s \u00fagy \u00e9li le az \u00e9let\u00e9t, mintha nem lenne. \u201eTudod, mi a durva? Sokszor mi pont \u00edgy \u00e9l\u00fcnk.\u201d Ez\u00e9rt im\u00e1dkozik P\u00e1l apostol: &#8230; vil\u00e1gos\u00edtsa meg lelki szemeteket, hogy megl\u00e1ss\u00e1tok &#8230; (17-18).<\/p>\t\t\t\t\t\t\t\t<\/div>\n\t\t\t\t<\/div>\n\t\t\n<\/div>\n<div class=\"elementor-element elementor-element-98d6ab1 e-con e-atomic-element e-flexbox-base e-cf703c0 \" data-id=\"98d6ab1\" data-element_type=\"e-flexbox\" data-e-type=\"e-flexbox\" data-interaction-id=\"98d6ab1\">\n    \t\t<div class=\"elementor-element elementor-element-257b07f elementor-widget elementor-widget-text-editor\" data-id=\"257b07f\" data-element_type=\"widget\" data-e-type=\"widget\" data-widget_type=\"text-editor.default\">\n\t\t\t\t<div class=\"elementor-widget-container\">\n\t\t\t\t\t\t\t\t\t<p>P\u00e9lda: Az ar\u00e1m kir\u00e1ly el akarta fogni Elizeust, ez\u00e9rt sereget k\u00fcld\u00f6tt D\u00f3t\u00e1nba. A szolga megijedt a nagy t\u00faler\u0151t\u0151l, de Elizeus biztos\u00edtotta, hogy t\u00f6bben vannak vel\u00fck (isteni oltalmaz\u00f3 sereg), mint az ellens\u00e9ggel.<span class=\"Apple-converted-space\">\u00a0<\/span><\/p>\t\t\t\t\t\t\t\t<\/div>\n\t\t\t\t<\/div>\n\t\t\n<\/div>\n<div class=\"elementor-element elementor-element-962b528 e-con e-atomic-element e-flexbox-base e-05068b2 \" data-id=\"962b528\" data-element_type=\"e-flexbox\" data-e-type=\"e-flexbox\" data-interaction-id=\"962b528\">\n    \t\t<div class=\"elementor-element elementor-element-6b18f91 elementor-widget elementor-widget-text-editor\" data-id=\"6b18f91\" data-element_type=\"widget\" data-e-type=\"widget\" data-widget_type=\"text-editor.default\">\n\t\t\t\t<div class=\"elementor-widget-container\">\n\t\t\t\t\t\t\t\t\t<blockquote><p>&#8220;Majd Elizeus \u00edgy im\u00e1dkozott: Uram, nyisd meg a szem\u00e9t, hadd l\u00e1sson! \u00c9s az \u00dar megnyitotta a szolg\u00e1nak a szem\u00e9t, \u00e9s az megl\u00e1tta, hogy tele van a hegy Elizeus k\u00f6r\u00fcl t\u00fczes lovakkal \u00e9s harci kocsikkal.&#8221; 2Kir\u00e1lyok 6:17<\/p><\/blockquote>\t\t\t\t\t\t\t\t<\/div>\n\t\t\t\t<\/div>\n\t\t\n<\/div>\n<div class=\"elementor-element elementor-element-c42fe6a e-con e-atomic-element e-flexbox-base e-6ceae67 \" data-id=\"c42fe6a\" data-element_type=\"e-flexbox\" data-e-type=\"e-flexbox\" data-interaction-id=\"c42fe6a\">\n    \t\t<div class=\"elementor-element elementor-element-286b1a4 elementor-widget elementor-widget-heading\" data-id=\"286b1a4\" data-element_type=\"widget\" data-e-type=\"widget\" data-widget_type=\"heading.default\">\n\t\t\t\t<div class=\"elementor-widget-container\">\n\t\t\t\t\t<h3 class=\"elementor-heading-title elementor-size-default\">Megtart\u00f3 hatalom \u2013 Er\u0151<\/h3>\t\t\t\t<\/div>\n\t\t\t\t<\/div>\n\t\t\n<\/div>\n<div class=\"elementor-element elementor-element-fe6c2f3 e-con e-atomic-element e-flexbox-base e-7d0541a \" data-id=\"fe6c2f3\" data-element_type=\"e-flexbox\" data-e-type=\"e-flexbox\" data-interaction-id=\"fe6c2f3\">\n    \t\t<div class=\"elementor-element elementor-element-d932b26 elementor-widget elementor-widget-text-editor\" data-id=\"d932b26\" data-element_type=\"widget\" data-e-type=\"widget\" data-widget_type=\"text-editor.default\">\n\t\t\t\t<div class=\"elementor-widget-container\">\n\t\t\t\t\t\t\t\t\t<p>Hogy ne f\u00e9lj az \u00faton, a Szentl\u00e9lek Isten mozg\u00f3s\u00edtja \u00e9rted azt a m\u00e9rhetetlen er\u0151t, amely J\u00e9zust felt\u00e1masztotta a hal\u00e1lb\u00f3l. Ez nem elm\u00e9leti hatalom, hanem cselekv\u0151 er\u0151. Isten nemcsak \u201emegvett\u201d \u00e9s \u201emegjel\u00f6lt\u201d, hanem az \u0150 diadalmas ereje garant\u00e1lja, hogy c\u00e9lba is \u00e9rj. Senki nem tud t\u0151le elszak\u00edtani.<\/p>\t\t\t\t\t\t\t\t<\/div>\n\t\t\t\t<\/div>\n\t\t\n<\/div>\n<div class=\"elementor-element elementor-element-8f649a4 e-con e-atomic-element e-flexbox-base e-6d73f23 \" data-id=\"8f649a4\" data-element_type=\"e-flexbox\" data-e-type=\"e-flexbox\" data-interaction-id=\"8f649a4\">\n    \t\t<div class=\"elementor-element elementor-element-85dfa5c elementor-widget elementor-widget-text-editor\" data-id=\"85dfa5c\" data-element_type=\"widget\" data-e-type=\"widget\" data-widget_type=\"text-editor.default\">\n\t\t\t\t<div class=\"elementor-widget-container\">\n\t\t\t\t\t\t\t\t\t<p>Ef 1:19 nagyon k\u00fcl\u00f6nleges ige Isten erej\u00e9r\u0151l: P\u00e1l im\u00e1dkozott, hogy az ef\u00e9zusi h\u00edv\u0151k meg\u00e9rts\u00e9k mi az \u0150 erej\u00e9nek m\u00e9rhetetlen nagys\u00e1ga ir\u00e1ntunk, akik hisz\u00fcnk, hatalmas erej\u00e9nek munk\u00e1lkod\u00e1sa szerint. Az eredeti g\u00f6r\u00f6gben 4 olyan sz\u00f3 van, ami er\u0151vel kapcsolatos. Olyan, mintha P\u00e1l apostol ki akarta volna fejezni Isten erej\u00e9nek a nagys\u00e1g\u00e1t \u00e9s jelleg\u00e9t \u00e9s ezt az egy ig\u00e9t telerakta nagyon \u00fct\u0151s szavakkal. Nagyon gazdag jelent\u00e9se van \u00edgy.<span class=\"Apple-converted-space\">\u00a0<\/span><\/p>\t\t\t\t\t\t\t\t<\/div>\n\t\t\t\t<\/div>\n\t\t\n<\/div>\n<div class=\"elementor-element elementor-element-c8a0a68 e-con e-atomic-element e-flexbox-base e-1ec636e \" data-id=\"c8a0a68\" data-element_type=\"e-flexbox\" data-e-type=\"e-flexbox\" data-interaction-id=\"c8a0a68\">\n    \t\t<div class=\"elementor-element elementor-element-7f2c199 elementor-widget elementor-widget-text-editor\" data-id=\"7f2c199\" data-element_type=\"widget\" data-e-type=\"widget\" data-widget_type=\"text-editor.default\">\n\t\t\t\t<div class=\"elementor-widget-container\">\n\t\t\t\t\t\t\t\t\t<p>Gyakran \u00e9rezz\u00fck magunkat er\u0151tlennek a h\u00e9tk\u00f6znapok harcaiban, a b\u0171nnel val\u00f3 k\u00fczdelemben vagy a szolg\u00e1latban. A pszichol\u00f3gi\u00e1ban ismert fogalom a TANULT TEHETETLENS\u00c9G: amikor annyi kudarc \u00e9r minket, hogy elhissz\u00fck, nem tehet\u00fcnk semmit az \u00e9let\u00fcnkben l\u00e9v\u0151 rossz dolgok ellen. Ha valakit ism\u00e9tl\u0151d\u0151 negat\u00edv ingerek \u00e9rnek (p\u00e9ld\u00e1ul kudarcok, b\u00e1ntalmaz\u00e1s, stressz), amelyek ellen b\u00e1rmit tesz, nem tud v\u00e9dekezni, az agya egy id\u0151 ut\u00e1n \u201eFELADJA\u201d. \u00dagysem fog siker\u00fclni. TEHETETLENEK VAGYUNK.<\/p>\t\t\t\t\t\t\t\t<\/div>\n\t\t\t\t<\/div>\n\t\t\n<\/div>\n<div class=\"elementor-element elementor-element-1f8aff6 e-con e-atomic-element e-flexbox-base e-d9fb5c7 \" data-id=\"1f8aff6\" data-element_type=\"e-flexbox\" data-e-type=\"e-flexbox\" data-interaction-id=\"1f8aff6\">\n    \t\t<div class=\"elementor-element elementor-element-7ca5d33 elementor-widget elementor-widget-text-editor\" data-id=\"7ca5d33\" data-element_type=\"widget\" data-e-type=\"widget\" data-widget_type=\"text-editor.default\">\n\t\t\t\t<div class=\"elementor-widget-container\">\n\t\t\t\t\t\t\t\t\t<p>P\u00e1l apostol azonban az Ef\u00e9zusi lev\u00e9lben nem azt mondja, hogy nek\u00fcnk kell t\u00f6bb energi\u00e1t gener\u00e1lnunk, hanem hogy Isten erej\u00e9re t\u00e1maszkodhatunk, mert az az er\u0151, amely felt\u00e1masztotta Krisztust a hal\u00e1lb\u00f3l, benn\u00fcnk van. Ha elhissz\u00fck, hogy ez az er\u0151 benn\u00fcnk van, az megv\u00e1ltoztatja az v\u00e1laszunkat a stresszre. Nem a f\u00e9lelem uralkodik rajtunk, hanem a tudat, hogy a felt\u00e1mad\u00e1s ereje lakozik benn\u00fcnk, \u00e9s ez az er\u0151 mindenn\u00e9l hatalmasabb, egy gy\u0151ztes er\u0151.<span class=\"Apple-converted-space\">\u00a0<\/span><\/p>\t\t\t\t\t\t\t\t<\/div>\n\t\t\t\t<\/div>\n\t\t\n<\/div>\n<div class=\"elementor-element elementor-element-9558721 e-con e-atomic-element e-flexbox-base e-6b5928d \" data-id=\"9558721\" data-element_type=\"e-flexbox\" data-e-type=\"e-flexbox\" data-interaction-id=\"9558721\">\n    \t\t<div class=\"elementor-element elementor-element-e623942 elementor-widget elementor-widget-text-editor\" data-id=\"e623942\" data-element_type=\"widget\" data-e-type=\"widget\" data-widget_type=\"text-editor.default\">\n\t\t\t\t<div class=\"elementor-widget-container\">\n\t\t\t\t\t\t\t\t\t<p>Ez val\u00f3di ment\u00e1lis \u00e9s spiritu\u00e1lis szabads\u00e1got eredm\u00e9nyez: nem kell emberi er\u0151vel k\u00fczden\u00fcnk, hanem hozz\u00e1f\u00e9rhet\u00fcnk egy olyan er\u0151forr\u00e1shoz, ami mindenn\u00e9l hatalmasabb. Nincs olyan f\u00fcgg\u0151s\u00e9g, neh\u00e9zs\u00e9g vagy szellemi t\u00e1mad\u00e1s, amely ellen\u00e1llhatna neki. GY\u0150ZELEMRE VAGY ELH\u00cdVVA. Minden felt\u00e9tel adott, csak hittel el kell fogadni \u00e9s megcselekedni, amit Isten mond.<span class=\"Apple-converted-space\">\u00a0<\/span><\/p>\t\t\t\t\t\t\t\t<\/div>\n\t\t\t\t<\/div>\n\t\t\n<\/div>\n<div class=\"elementor-element elementor-element-b5c9e18 e-con e-atomic-element e-flexbox-base e-9937807 \" data-id=\"b5c9e18\" data-element_type=\"e-flexbox\" data-e-type=\"e-flexbox\" data-interaction-id=\"b5c9e18\">\n    \t\t<div class=\"elementor-element elementor-element-4af3aca elementor-widget elementor-widget-text-editor\" data-id=\"4af3aca\" data-element_type=\"widget\" data-e-type=\"widget\" data-widget_type=\"text-editor.default\">\n\t\t\t\t<div class=\"elementor-widget-container\">\n\t\t\t\t\t\t\t\t\t<blockquote><p>&#8220;Nem er\u0151vel, sem hatalommal, hanem az \u00e9n Szellememmel! \u2013 azt mondja a Seregeknek Ura.\u201d Zakari\u00e1s 4:6<\/p><\/blockquote>\t\t\t\t\t\t\t\t<\/div>\n\t\t\t\t<\/div>\n\t\t\n<\/div>\n<div class=\"elementor-element elementor-element-0ef4e9f e-con e-atomic-element e-flexbox-base e-409fbde \" data-id=\"0ef4e9f\" data-element_type=\"e-flexbox\" data-e-type=\"e-flexbox\" data-interaction-id=\"0ef4e9f\">\n    \t\t<div class=\"elementor-element elementor-element-13de8ef elementor-widget elementor-widget-text-editor\" data-id=\"13de8ef\" data-element_type=\"widget\" data-e-type=\"widget\" data-widget_type=\"text-editor.default\">\n\t\t\t\t<div class=\"elementor-widget-container\">\n\t\t\t\t\t\t\t\t\t<p>P\u00fcnk\u00f6sdi \u00e9bred\u00e9s<\/p>\t\t\t\t\t\t\t\t<\/div>\n\t\t\t\t<\/div>\n\t\t\n<\/div>\n<div class=\"elementor-element elementor-element-701c5f6 e-con e-atomic-element e-flexbox-base e-8706ce6 \" data-id=\"701c5f6\" data-element_type=\"e-flexbox\" data-e-type=\"e-flexbox\" data-interaction-id=\"701c5f6\">\n    \t\t<div class=\"elementor-element elementor-element-be05ba0 elementor-widget elementor-widget-text-editor\" data-id=\"be05ba0\" data-element_type=\"widget\" data-e-type=\"widget\" data-widget_type=\"text-editor.default\">\n\t\t\t\t<div class=\"elementor-widget-container\">\n\t\t\t\t\t\t\t\t\t<ul><li style=\"list-style-type: none;\"><ul><li>1906-os Azusa utcai \u00e9bred\u00e9s (Azusa Street Revival) idej\u00e9n Los Angelesben. Vezet\u0151: William Seymour (fekete). Egy fekete pr\u00e9dik\u00e1tor vezette azt az \u00e9bred\u00e9st, amelyben fekete, feh\u00e9r, latin \u00e9s \u00e1zsiai h\u00edv\u0151k egy\u00fctt im\u00e1dkoztak (akkoriban ez nagyon szokatlan volt az USA-ban), \u00e9s innen indult el a p\u00fcnk\u00f6sdi mozgalom, amely ma m\u00e1r elterjedt az eg\u00e9sz vil\u00e1gon.<span class=\"Apple-converted-space\">\u00a0<\/span><\/li><\/ul><\/li><\/ul>\t\t\t\t\t\t\t\t<\/div>\n\t\t\t\t<\/div>\n\t\t\n<\/div>\n<div class=\"elementor-element elementor-element-d2f645b e-con e-atomic-element e-flexbox-base e-d40a2aa \" data-id=\"d2f645b\" data-element_type=\"e-flexbox\" data-e-type=\"e-flexbox\" data-interaction-id=\"d2f645b\">\n    \t\t<div class=\"elementor-element elementor-element-5e665e0 elementor-widget elementor-widget-text-editor\" data-id=\"5e665e0\" data-element_type=\"widget\" data-e-type=\"widget\" data-widget_type=\"text-editor.default\">\n\t\t\t\t<div class=\"elementor-widget-container\">\n\t\t\t\t\t\t\t\t\t<ul><li style=\"list-style-type: none;\"><ul><li>\u00c1ll\u00edt\u00f3lag egy tini l\u00e1ny mondta ezeket a szavakat, \u201eNINCS SZ\u00dcKS\u00c9G\u00dcNK ORGON\u00c1KRA VAGY ZONGOR\u00c1KRA, MERT A SZENTL\u00c9LEK J\u00c1TSZIK A ZONGOR\u00c1N MINDANNYIUNK SZ\u00cdV\u00c9BEN&#8230; OLYAN \u00c9DES EZ. EZ A F\u00d6LDI MENNYORSZ\u00c1G.\u201d<\/li><\/ul><\/li><\/ul>\t\t\t\t\t\t\t\t<\/div>\n\t\t\t\t<\/div>\n\t\t\n<\/div>\n<div class=\"elementor-element elementor-element-24e4beb e-con e-atomic-element e-flexbox-base e-357f123 \" data-id=\"24e4beb\" data-element_type=\"e-flexbox\" data-e-type=\"e-flexbox\" data-interaction-id=\"24e4beb\">\n    \t\t<div class=\"elementor-element elementor-element-419c0d7 elementor-widget elementor-widget-image\" data-id=\"419c0d7\" data-element_type=\"widget\" data-e-type=\"widget\" data-widget_type=\"image.default\">\n\t\t\t\t<div class=\"elementor-widget-container\">\n\t\t\t\t\t\t\t\t\t\t\t\t\t\t\t<img decoding=\"async\" width=\"1024\" height=\"683\" src=\"https:\/\/i0.wp.com\/juditandzsoltsf.com\/wp-content\/uploads\/2026\/08\/Kep-9.jpeg?fit=1024%2C683&amp;ssl=1\" class=\"attachment-large size-large wp-image-6664\" alt=\"\" srcset=\"https:\/\/i0.wp.com\/juditandzsoltsf.com\/wp-content\/uploads\/2026\/08\/Kep-9.jpeg?w=1280&amp;ssl=1 1280w, https:\/\/i0.wp.com\/juditandzsoltsf.com\/wp-content\/uploads\/2026\/08\/Kep-9.jpeg?resize=300%2C200&amp;ssl=1 300w, https:\/\/i0.wp.com\/juditandzsoltsf.com\/wp-content\/uploads\/2026\/08\/Kep-9.jpeg?resize=1024%2C683&amp;ssl=1 1024w, https:\/\/i0.wp.com\/juditandzsoltsf.com\/wp-content\/uploads\/2026\/08\/Kep-9.jpeg?resize=768%2C512&amp;ssl=1 768w, https:\/\/i0.wp.com\/juditandzsoltsf.com\/wp-content\/uploads\/2026\/08\/Kep-9.jpeg?resize=18%2C12&amp;ssl=1 18w\" sizes=\"(max-width: 1000px) 100vw, 1000px\" \/>\t\t\t\t\t\t\t\t\t\t\t\t\t\t\t<\/div>\n\t\t\t\t<\/div>\n\t\t\n<\/div>\n<div class=\"elementor-element elementor-element-e751385 e-con e-atomic-element e-flexbox-base e-bc711ab \" data-id=\"e751385\" data-element_type=\"e-flexbox\" data-e-type=\"e-flexbox\" data-interaction-id=\"e751385\">\n    \t\t<div class=\"elementor-element elementor-element-d4d387b elementor-widget elementor-widget-heading\" data-id=\"d4d387b\" data-element_type=\"widget\" data-e-type=\"widget\" data-widget_type=\"heading.default\">\n\t\t\t\t<div class=\"elementor-widget-container\">\n\t\t\t\t\t<h3 class=\"elementor-heading-title elementor-size-default\">Krisztus korl\u00e1tlan hatalma \u2013 uralkod\u00e1s<\/h3>\t\t\t\t<\/div>\n\t\t\t\t<\/div>\n\t\t\n<\/div>\n<div class=\"elementor-element elementor-element-4dd6156 e-con e-atomic-element e-flexbox-base e-f55513a \" data-id=\"4dd6156\" data-element_type=\"e-flexbox\" data-e-type=\"e-flexbox\" data-interaction-id=\"4dd6156\">\n    \t\t<div class=\"elementor-element elementor-element-3738a33 elementor-widget elementor-widget-text-editor\" data-id=\"3738a33\" data-element_type=\"widget\" data-e-type=\"widget\" data-widget_type=\"text-editor.default\">\n\t\t\t\t<div class=\"elementor-widget-container\">\n\t\t\t\t\t\t\t\t\t<p>A 21. vers hangs\u00falyozza, hogy Krisztus uralma nemcsak a &#8220;mostani vil\u00e1gra&#8221;, hanem a &#8220;j\u00f6vend\u0151re&#8221; is vonatkozik. Ez vigasztal\u00e1st ny\u00fajt nek\u00fcnk: b\u00e1rmilyen bizonytalans\u00e1g van a vil\u00e1gban, a v\u00e9gs\u0151 sz\u00f3 Krisztus\u00e9.<\/p>\t\t\t\t\t\t\t\t<\/div>\n\t\t\t\t<\/div>\n\t\t\n<\/div>\n<div class=\"elementor-element elementor-element-839bafd e-con e-atomic-element e-flexbox-base e-123f2ce \" data-id=\"839bafd\" data-element_type=\"e-flexbox\" data-e-type=\"e-flexbox\" data-interaction-id=\"839bafd\">\n    \t\t<div class=\"elementor-element elementor-element-dbf9359 elementor-widget elementor-widget-text-editor\" data-id=\"dbf9359\" data-element_type=\"widget\" data-e-type=\"widget\" data-widget_type=\"text-editor.default\">\n\t\t\t\t<div class=\"elementor-widget-container\">\n\t\t\t\t\t\t\t\t\t<p>Ige: FEL\u00dcL MINDEN FEJEDELEMS\u00c9GEN \u00c9S HATALMASS\u00c1GON \u00c9S ER\u0150N \u00c9S URAS\u00c1GON \u00c9S MINDEN N\u00c9VEN, MELY NEVEZTETIK NEMCSAK E VIL\u00c1GON, HANEM A K\u00d6VETKEZEND\u0150BEN IS.<\/p>\t\t\t\t\t\t\t\t<\/div>\n\t\t\t\t<\/div>\n\t\t\n<\/div>\n<div class=\"elementor-element elementor-element-0963377 e-con e-atomic-element e-flexbox-base e-fbfcaf0 \" data-id=\"0963377\" data-element_type=\"e-flexbox\" data-e-type=\"e-flexbox\" data-interaction-id=\"0963377\">\n    \t\t<div class=\"elementor-element elementor-element-0c8b081 elementor-widget elementor-widget-text-editor\" data-id=\"0c8b081\" data-element_type=\"widget\" data-e-type=\"widget\" data-widget_type=\"text-editor.default\">\n\t\t\t\t<div class=\"elementor-widget-container\">\n\t\t\t\t\t\t\t\t\t<p>Ez nagyon mer\u00e9sz dolog volt le\u00edrni P\u00e1lt\u00f3l, mert tkp. azt mondta, hogy Krisztus hatalmasabb, mint a R\u00f3mai cs\u00e1sz\u00e1r, felette van rangban \u00e9s hatalomban. Ez\u00e9rt volt olyan sok kereszt\u00e9ny, aki nem h\u00f3dolt be a cs\u00e1sz\u00e1r kultusznak, hanem azt mondta, hogy Krisztus az \u00dar. Ez az \u00e9let\u00fckbe ker\u00fclt. Amikor a r\u00f3mai polg\u00e1rnak k\u00f6telez\u0151 volt kimondania, hogy &#8220;<i>Kaisar Kyrios<\/i>&#8221; (Cs\u00e1sz\u00e1r az \u00dar), a kereszt\u00e9nyek azt mondt\u00e1k: &#8220;<i>Christos Kyrios<\/i>&#8220;.<\/p>\t\t\t\t\t\t\t\t<\/div>\n\t\t\t\t<\/div>\n\t\t\n<\/div>\n<div class=\"elementor-element elementor-element-d35412d e-con e-atomic-element e-flexbox-base e-a171343 \" data-id=\"d35412d\" data-element_type=\"e-flexbox\" data-e-type=\"e-flexbox\" data-interaction-id=\"d35412d\">\n    \t\t<div class=\"elementor-element elementor-element-7d77bdd elementor-widget elementor-widget-text-editor\" data-id=\"7d77bdd\" data-element_type=\"widget\" data-e-type=\"widget\" data-widget_type=\"text-editor.default\">\n\t\t\t\t<div class=\"elementor-widget-container\">\n\t\t\t\t\t\t\t\t\t<p>T\u00f6rt\u00e9nelmi p\u00e9lda<\/p>\t\t\t\t\t\t\t\t<\/div>\n\t\t\t\t<\/div>\n\t\t\n<\/div>\n<div class=\"elementor-element elementor-element-07cb5a3 e-con e-atomic-element e-flexbox-base e-2688ce8 \" data-id=\"07cb5a3\" data-element_type=\"e-flexbox\" data-e-type=\"e-flexbox\" data-interaction-id=\"07cb5a3\">\n    \t\t<div class=\"elementor-element elementor-element-0f48f95 elementor-widget elementor-widget-text-editor\" data-id=\"0f48f95\" data-element_type=\"widget\" data-e-type=\"widget\" data-widget_type=\"text-editor.default\">\n\t\t\t\t<div class=\"elementor-widget-container\">\n\t\t\t\t\t\t\t\t\t<ul><li style=\"list-style-type: none;\"><ul><li>Volt egy Apoll\u00f3niosz nev\u0171 r\u00f3mai szen\u00e1tor a 2. sz\u00e1zadban, aki kereszt\u00e9ny volt. Amikor b\u00edr\u00f3s\u00e1g el\u00e9 \u00e1ll\u00edtott\u00e1k, nem sokat k\u00e9rtek t\u0151le \u2014 csak egy jelk\u00e9pes esk\u00fct a cs\u00e1sz\u00e1rra. De \u0151 ezt sem tette meg, mert sz\u00e1m\u00e1ra csak Isten volt az \u00dar.<span class=\"Apple-converted-space\">\u00a0<\/span><\/li><\/ul><\/li><\/ul>\t\t\t\t\t\t\t\t<\/div>\n\t\t\t\t<\/div>\n\t\t\n<\/div>\n<div class=\"elementor-element elementor-element-6fac69d e-con e-atomic-element e-flexbox-base e-d8e174a \" data-id=\"6fac69d\" data-element_type=\"e-flexbox\" data-e-type=\"e-flexbox\" data-interaction-id=\"6fac69d\">\n    \t\t<div class=\"elementor-element elementor-element-e6d6491 elementor-widget elementor-widget-text-editor\" data-id=\"e6d6491\" data-element_type=\"widget\" data-e-type=\"widget\" data-widget_type=\"text-editor.default\">\n\t\t\t\t<div class=\"elementor-widget-container\">\n\t\t\t\t\t\t\t\t\t<ul><li style=\"list-style-type: none;\"><ul><li>Apoll\u00f3niosz \u00edgy felelhetett: \u201eTisztelem a cs\u00e1sz\u00e1rt, \u00e9s im\u00e1dkozom \u00e9rte, de \u00darnak csak Istent nevezem. Amit k\u00e9rtek t\u0151lem, kicsinek t\u0171nik, de nem adhatom meg embernek azt, ami Isten\u00e9. Ez\u00e9rt ink\u00e1bb v\u00e1llalom az \u00edt\u00e9letet, mint hogy megtagadjam \u0150t.\u201d<\/li><\/ul><\/li><\/ul>\t\t\t\t\t\t\t\t<\/div>\n\t\t\t\t<\/div>\n\t\t\n<\/div>\n<div class=\"elementor-element elementor-element-fd5e019 e-con e-atomic-element e-flexbox-base e-d8e2cb9 \" data-id=\"fd5e019\" data-element_type=\"e-flexbox\" data-e-type=\"e-flexbox\" data-interaction-id=\"fd5e019\">\n    \t\t<div class=\"elementor-element elementor-element-99fa6b4 elementor-widget elementor-widget-heading\" data-id=\"99fa6b4\" data-element_type=\"widget\" data-e-type=\"widget\" data-widget_type=\"heading.default\">\n\t\t\t\t<div class=\"elementor-widget-container\">\n\t\t\t\t\t<h2 class=\"elementor-heading-title elementor-size-default\">L\u00c1SD MEG, KIBEN VAGY BIZTONS\u00c1GBAN<\/h2>\t\t\t\t<\/div>\n\t\t\t\t<\/div>\n\t\t\n<\/div>\n<div class=\"elementor-element elementor-element-b4bdb98 e-con e-atomic-element e-flexbox-base e-03ab0a7 \" data-id=\"b4bdb98\" data-element_type=\"e-flexbox\" data-e-type=\"e-flexbox\" data-interaction-id=\"b4bdb98\">\n    \t\t<div class=\"elementor-element elementor-element-bc6dd52 elementor-widget elementor-widget-text-editor\" data-id=\"bc6dd52\" data-element_type=\"widget\" data-e-type=\"widget\" data-widget_type=\"text-editor.default\">\n\t\t\t\t<div class=\"elementor-widget-container\">\n\t\t\t\t\t\t\t\t\t<p>Ki vagyok \u00e9n val\u00f3j\u00e1ban? Mi az identit\u00e1som alapja: az, hogy mit mondanak m\u00e1sok r\u00f3lam, vagy \u00e9n magamr\u00f3l? Az Ef\u00e9zusi lev\u00e9l szerint az EG\u00c9SZS\u00c9GES h\u00edv\u0151 identit\u00e1s, \u00f6nazonoss\u00e1g alapja: KRISZTUS. <i>en Christo.<\/i> A mai ige azt az oldalt emeli ki, hogy Krisztusban a Szentl\u00e9lek \u00e1ltal:<\/p>\t\t\t\t\t\t\t\t<\/div>\n\t\t\t\t<\/div>\n\t\t\n<\/div>\n<div class=\"elementor-element elementor-element-60ab652 e-con e-atomic-element e-flexbox-base e-30d1e08 \" data-id=\"60ab652\" data-element_type=\"e-flexbox\" data-e-type=\"e-flexbox\" data-interaction-id=\"60ab652\">\n    \t\t<div class=\"elementor-element elementor-element-76ba360 elementor-widget elementor-widget-text-editor\" data-id=\"76ba360\" data-element_type=\"widget\" data-e-type=\"widget\" data-widget_type=\"text-editor.default\">\n\t\t\t\t<div class=\"elementor-widget-container\">\n\t\t\t\t\t\t\t\t\t<ul><li style=\"list-style-type: none;\"><ul><li>El vagyon pecs\u00e9telve: tulajdonjog \u00e9s v\u00e9delem<\/li><li>Foglal\u00f3: elk\u00f6telezetts\u00e9g, \u00fcdvbizonyoss\u00e1g, \u00e9s mennyei el\u0151\u00edz<\/li><li>Er\u0151: Korl\u00e1tlan, felfoghatatlan, megd\u00f6nthetetlen, gy\u0151ztes er\u0151 benn\u00fcnk<\/li><li>Gazdag \u00d6r\u00f6ks\u00e9g: m\u00e1r most \u00e9lvezhetj\u00fck \u00e9s megtapasztalhatjuk, de a mennyben lesz teljes sz\u00e1munkra<\/li><\/ul><\/li><\/ul>\t\t\t\t\t\t\t\t<\/div>\n\t\t\t\t<\/div>\n\t\t\n<\/div>\n<div class=\"elementor-element elementor-element-7c1cf2b e-con e-atomic-element e-flexbox-base e-b1f1b82 \" data-id=\"7c1cf2b\" data-element_type=\"e-flexbox\" data-e-type=\"e-flexbox\" data-interaction-id=\"7c1cf2b\">\n    \t\t<div class=\"elementor-element elementor-element-0aa43f6 elementor-widget elementor-widget-text-editor\" data-id=\"0aa43f6\" data-element_type=\"widget\" data-e-type=\"widget\" data-widget_type=\"text-editor.default\">\n\t\t\t\t<div class=\"elementor-widget-container\">\n\t\t\t\t\t\t\t\t\t<p>HISZED-E mindezt? Ha igen, akkor minden rendben van az \u00e9letedben. B\u00e9ke \u00e9s \u00f6r\u00f6m van benned, b\u00e1rmit is mutatnak a k\u00f6r\u00fclm\u00e9nyek. EZ AZ IGAZS\u00c1G.<span class=\"Apple-converted-space\">\u00a0<\/span><\/p>\t\t\t\t\t\t\t\t<\/div>\n\t\t\t\t<\/div>\n\t\t\n<\/div>\n<div class=\"elementor-element elementor-element-ef8b55d e-con e-atomic-element e-flexbox-base e-2fdbf99 \" data-id=\"ef8b55d\" data-element_type=\"e-flexbox\" data-e-type=\"e-flexbox\" data-interaction-id=\"ef8b55d\">\n    \t\t<div class=\"elementor-element elementor-element-d1e7878 elementor-widget elementor-widget-text-editor\" data-id=\"d1e7878\" data-element_type=\"widget\" data-e-type=\"widget\" data-widget_type=\"text-editor.default\">\n\t\t\t\t<div class=\"elementor-widget-container\">\n\t\t\t\t\t\t\t\t\t<p>Ha neh\u00e9z ezt hinni, akkor im\u00e1dkozz, mint P\u00e1l, mint Elizeus, hogy Isten nyissa meg a lelki szemeidet a Szentl\u00e9lek \u00e1ltal, hogy L\u00c1SS. Engedd, hogy a Szent Szellem bel\u00e9pjen \u00e9leted minden ter\u00fclet\u00e9re, a s\u00f6t\u00e9ts\u00e9gbe is, \u00e9s felkapcsolja a villanyt. M\u00c9RHETETLEN\u00dcL \u00c1LDOTT \u00c9S GAZDAG VAGY KRISZTUSBAN.<\/p>\t\t\t\t\t\t\t\t<\/div>\n\t\t\t\t<\/div>\n\t\t\n<\/div>\n<div class=\"elementor-element elementor-element-b2b6684 e-con e-atomic-element e-flexbox-base e-2f41a88 \" data-id=\"b2b6684\" data-element_type=\"e-flexbox\" data-e-type=\"e-flexbox\" data-interaction-id=\"b2b6684\">\n    \t\t<div class=\"elementor-element elementor-element-5c690b0 elementor-widget elementor-widget-text-editor\" data-id=\"5c690b0\" data-element_type=\"widget\" data-e-type=\"widget\" data-widget_type=\"text-editor.default\">\n\t\t\t\t<div class=\"elementor-widget-container\">\n\t\t\t\t\t\t\t\t\t<p><i>en Christo<\/i>. Nem automatikus, oda be kell ker\u00fclni.<\/p>\t\t\t\t\t\t\t\t<\/div>\n\t\t\t\t<\/div>\n\t\t\n<\/div>\n<div class=\"elementor-element elementor-element-d8a1369 e-con e-atomic-element e-flexbox-base e-028ef2c \" data-id=\"d8a1369\" data-element_type=\"e-flexbox\" data-e-type=\"e-flexbox\" data-interaction-id=\"d8a1369\">\n    \t\t<div class=\"elementor-element elementor-element-ca5f39c elementor-widget elementor-widget-text-editor\" data-id=\"ca5f39c\" data-element_type=\"widget\" data-e-type=\"widget\" data-widget_type=\"text-editor.default\">\n\t\t\t\t<div class=\"elementor-widget-container\">\n\t\t\t\t\t\t\t\t\t<p>Krisztus keresztje, sz\u00e9les \u00fat \u00e9s keskeny \u00fat. K\u00e9t \u00fat van, az egyik a k\u00e1rhozatba visz, a m\u00e1sik a mennybe. Az egyik a hal\u00e1lba (k\u00e1rhozatba), a m\u00e1sik az \u00e9letbe (\u00f6r\u00f6k \u00e9letbe). \u00c9n b\u0151s\u00e9gesen kipr\u00f3b\u00e1ltam a b\u0171n \u00fatj\u00e1t (sz\u00e9les \u00fat), \u00e9s nem lett j\u00f3 v\u00e9ge.<span class=\"Apple-converted-space\">\u00a0<\/span><\/p>\t\t\t\t\t\t\t\t<\/div>\n\t\t\t\t<\/div>\n\t\t\n<\/div>\n<div class=\"elementor-element elementor-element-d00519d e-con e-atomic-element e-flexbox-base e-1bbb176 \" data-id=\"d00519d\" data-element_type=\"e-flexbox\" data-e-type=\"e-flexbox\" data-interaction-id=\"d00519d\">\n    \t\t<div class=\"elementor-element elementor-element-9973ca8 elementor-widget elementor-widget-text-editor\" data-id=\"9973ca8\" data-element_type=\"widget\" data-e-type=\"widget\" data-widget_type=\"text-editor.default\">\n\t\t\t\t<div class=\"elementor-widget-container\">\n\t\t\t\t\t\t\t\t\t<blockquote><p>&#8220;Tan\u00faul h\u00edvom ma ellenetek az eget \u00e9s a f\u00f6ldet, mert el\u00e9tek adtam az \u00e9letet \u00e9s a hal\u00e1lt, az \u00e1ld\u00e1st \u00e9s az \u00e1tkot. V\u00e1laszd h\u00e1t az \u00e9letet, hogy \u00e9lhess te \u00e9s ut\u00f3daid is!&#8221; 5M\u00f3zes 30:19<\/p><\/blockquote>\t\t\t\t\t\t\t\t<\/div>\n\t\t\t\t<\/div>\n\t\t\n<\/div>\n<div class=\"elementor-element elementor-element-7bd7c26 e-con e-atomic-element e-flexbox-base e-5690f0c \" data-id=\"7bd7c26\" data-element_type=\"e-flexbox\" data-e-type=\"e-flexbox\" data-interaction-id=\"7bd7c26\">\n    \t\t<div class=\"elementor-element elementor-element-cd778dd elementor-widget elementor-widget-text-editor\" data-id=\"cd778dd\" data-element_type=\"widget\" data-e-type=\"widget\" data-widget_type=\"text-editor.default\">\n\t\t\t\t<div class=\"elementor-widget-container\">\n\t\t\t\t\t\t\t\t\t<blockquote><p>&#8220;Van olyan \u00fat, amely helyesnek l\u00e1tszik, v\u00e9g\u00fcl m\u00e9gis a hal\u00e1lba vezet.&#8221; P\u00e9ld 14:12, EFO<\/p><\/blockquote>\t\t\t\t\t\t\t\t<\/div>\n\t\t\t\t<\/div>\n\t\t\n<\/div>\n<div class=\"elementor-element elementor-element-b5f7d77 e-con e-atomic-element e-flexbox-base e-b0df76b \" data-id=\"b5f7d77\" data-element_type=\"e-flexbox\" data-e-type=\"e-flexbox\" data-interaction-id=\"b5f7d77\">\n    \t\t<div class=\"elementor-element elementor-element-e67b106 elementor-position-inline-end elementor-view-default elementor-mobile-position-block-start elementor-widget elementor-widget-icon-box\" data-id=\"e67b106\" data-element_type=\"widget\" data-e-type=\"widget\" data-widget_type=\"icon-box.default\">\n\t\t\t\t<div class=\"elementor-widget-container\">\n\t\t\t\t\t\t\t<div class=\"elementor-icon-box-wrapper\">\n\n\t\t\t\t\t\t<div class=\"elementor-icon-box-icon\">\n\t\t\t\t<a href=\"https:\/\/youtu.be\/BrHJ69FS2xQ\" class=\"elementor-icon\" tabindex=\"-1\" aria-label=\"A CIKKHEZ TARTOZ\u00d3 PR\u00c9DIK\u00c1CI\u00d3T AZ IKONRA KATTINTVA HALLGATHATOD MEG\">\n\t\t\t\t<svg aria-hidden=\"true\" class=\"e-font-icon-svg e-fab-youtube\" viewBox=\"0 0 576 512\" xmlns=\"http:\/\/www.w3.org\/2000\/svg\"><path d=\"M549.655 124.083c-6.281-23.65-24.787-42.276-48.284-48.597C458.781 64 288 64 288 64S117.22 64 74.629 75.486c-23.497 6.322-42.003 24.947-48.284 48.597-11.412 42.867-11.412 132.305-11.412 132.305s0 89.438 11.412 132.305c6.281 23.65 24.787 41.5 48.284 47.821C117.22 448 288 448 288 448s170.78 0 213.371-11.486c23.497-6.321 42.003-24.171 48.284-47.821 11.412-42.867 11.412-132.305 11.412-132.305s0-89.438-11.412-132.305zm-317.51 213.508V175.185l142.739 81.205-142.739 81.201z\"><\/path><\/svg>\t\t\t\t<\/a>\n\t\t\t<\/div>\n\t\t\t\n\t\t\t\t\t\t<div class=\"elementor-icon-box-content\">\n\n\t\t\t\t\t\t\t\t\t<h3 class=\"elementor-icon-box-title\">\n\t\t\t\t\t\t<a href=\"https:\/\/youtu.be\/BrHJ69FS2xQ\" >\n\t\t\t\t\t\t\tA CIKKHEZ TARTOZ\u00d3 PR\u00c9DIK\u00c1CI\u00d3T AZ IKONRA KATTINTVA HALLGATHATOD MEG\t\t\t\t\t\t<\/a>\n\t\t\t\t\t<\/h3>\n\t\t\t\t\n\t\t\t\t\n\t\t\t<\/div>\n\t\t\t\n\t\t<\/div>\n\t\t\t\t\t\t<\/div>\n\t\t\t\t<\/div>\n\t\t\n<\/div>\n<div class=\"elementor-element elementor-element-d8b08f1 e-con e-atomic-element e-flexbox-base e-720c3d8 \" data-id=\"d8b08f1\" data-element_type=\"e-flexbox\" data-e-type=\"e-flexbox\" data-interaction-id=\"d8b08f1\">\n    \t\t<div class=\"elementor-element elementor-element-69b5c86 elementor-widget elementor-widget-heading\" data-id=\"69b5c86\" data-element_type=\"widget\" data-e-type=\"widget\" data-widget_type=\"heading.default\">\n\t\t\t\t<div class=\"elementor-widget-container\">\n\t\t\t\t\t<h5 class=\"elementor-heading-title elementor-size-default\">A pr\u00e9dik\u00e1ci\u00f3 az \u00c9letreval\u00f3k \u2013 Pestszentimrei Baptista Gy\u00fclekezetben hangzott el.<\/h5>\t\t\t\t<\/div>\n\t\t\t\t<\/div>\n\t\t\n<\/div>\n<div class=\"elementor-element elementor-element-30248a8 e-con e-atomic-element e-flexbox-base e-ff04010 \" data-id=\"30248a8\" data-element_type=\"e-flexbox\" data-e-type=\"e-flexbox\" data-interaction-id=\"30248a8\">\n    \t\t<div class=\"elementor-element elementor-element-f40ce1b elementor-widget elementor-widget-heading\" data-id=\"f40ce1b\" data-element_type=\"widget\" data-e-type=\"widget\" data-widget_type=\"heading.default\">\n\t\t\t\t<div class=\"elementor-widget-container\">\n\t\t\t\t\t<h5 class=\"elementor-heading-title elementor-size-default\">Zsolt<\/h5>\t\t\t\t<\/div>\n\t\t\t\t<\/div>\n\t\t\n<\/div>\n<div class=\"elementor-element elementor-element-1b8c5e3 e-con e-atomic-element e-flexbox-base e-6e0c7ae \" data-id=\"1b8c5e3\" data-element_type=\"e-flexbox\" data-e-type=\"e-flexbox\" data-interaction-id=\"1b8c5e3\">\n    \t\t<div class=\"elementor-element elementor-element-5cfcfb0 elementor-widget elementor-widget-heading\" data-id=\"5cfcfb0\" data-element_type=\"widget\" data-e-type=\"widget\" data-widget_type=\"heading.default\">\n\t\t\t\t<div class=\"elementor-widget-container\">\n\t\t\t\t\t<h3 class=\"elementor-heading-title elementor-size-default\"><a href=\"https:\/\/juditandzsoltsf.com\/services\/szellemi-harc\/\">A KOR\u00c1BBI R\u00c9SZEKET ITT \u00c9RED EL:<\/a><\/h3>\t\t\t\t<\/div>\n\t\t\t\t<\/div>\n\t\t\n<\/div>\n\t\t<\/div>\n\t\t","protected":false},"excerpt":{"rendered":"<p>Isten pecs\u00e9tje (a L\u00e9lek) van rajtam Sokszor a k\u00f6r\u00fclm\u00e9nyeink, a kudarcaink vagy m\u00e1sok v\u00e9lem\u00e9nye alapj\u00e1n pr\u00f3b\u00e1ljuk meghat\u00e1rozni, hogy kik vagyunk \u00e9s mennyire vagyunk biztons\u00e1gban. Pedig Isten eg\u00e9szen m\u00e1s alapot adott nek\u00fcnk. Krisztusban nem magunkra maradt, bizonytalan emberek vagyunk, hanem olyanok, akiket Isten mag\u00e1\u00e9nak jel\u00f6lt, megaj\u00e1nd\u00e9kozott a Szentl\u00e9lekkel, \u00e9s az \u0150 hatalmas ereje \u0151riz. A k\u00e9rd\u00e9s [&hellip;]<\/p>\n","protected":false},"author":1,"featured_media":6662,"comment_status":"open","ping_status":"open","sticky":false,"template":"","format":"standard","meta":{"nf_dc_page":"","site-sidebar-layout":"default","site-content-layout":"","ast-site-content-layout":"default","site-content-style":"default","site-sidebar-style":"default","ast-global-header-display":"","ast-banner-title-visibility":"","ast-main-header-display":"","ast-hfb-above-header-display":"","ast-hfb-below-header-display":"","ast-hfb-mobile-header-display":"","site-post-title":"","ast-breadcrumbs-content":"","ast-featured-img":"","footer-sml-layout":"","ast-disable-related-posts":"","theme-transparent-header-meta":"","adv-header-id-meta":"","stick-header-meta":"","header-above-stick-meta":"","header-main-stick-meta":"","header-below-stick-meta":"","astra-migrate-meta-layouts":"set","ast-page-background-enabled":"default","ast-page-background-meta":{"desktop":{"background-color":"var(--ast-global-color-4)","background-image":"","background-repeat":"repeat","background-position":"center center","background-size":"auto","background-attachment":"scroll","background-type":"","background-media":"","overlay-type":"","overlay-color":"","overlay-opacity":"","overlay-gradient":""},"tablet":{"background-color":"","background-image":"","background-repeat":"repeat","background-position":"center center","background-size":"auto","background-attachment":"scroll","background-type":"","background-media":"","overlay-type":"","overlay-color":"","overlay-opacity":"","overlay-gradient":""},"mobile":{"background-color":"","background-image":"","background-repeat":"repeat","background-position":"center center","background-size":"auto","background-attachment":"scroll","background-type":"","background-media":"","overlay-type":"","overlay-color":"","overlay-opacity":"","overlay-gradient":""}},"ast-content-background-meta":{"desktop":{"background-color":"var(--ast-global-color-5)","background-image":"","background-repeat":"repeat","background-position":"center center","background-size":"auto","background-attachment":"scroll","background-type":"","background-media":"","overlay-type":"","overlay-color":"","overlay-opacity":"","overlay-gradient":""},"tablet":{"background-color":"var(--ast-global-color-5)","background-image":"","background-repeat":"repeat","background-position":"center center","background-size":"auto","background-attachment":"scroll","background-type":"","background-media":"","overlay-type":"","overlay-color":"","overlay-opacity":"","overlay-gradient":""},"mobile":{"background-color":"var(--ast-global-color-5)","background-image":"","background-repeat":"repeat","background-position":"center center","background-size":"auto","background-attachment":"scroll","background-type":"","background-media":"","overlay-type":"","overlay-color":"","overlay-opacity":"","overlay-gradient":""}},"_jetpack_newsletter_access":"","_jetpack_dont_email_post_to_subs":false,"_jetpack_newsletter_tier_id":0,"_jetpack_memberships_contains_paywalled_content":false,"_jetpack_memberships_contains_paid_content":false,"footnotes":""},"categories":[6],"tags":[12],"class_list":["post-6590","post","type-post","status-publish","format-standard","has-post-thumbnail","hentry","category-blog","tag-ujszovetseg"],"yoast_head":"<!-- This site is optimized with the Yoast SEO plugin v28.4 - https:\/\/yoast.com\/product\/yoast-seo-wordpress\/ -->\n<title>3. KRISZTUSBAN BIZTONS\u00c1GBAN VAGYOK - Judit&amp;ZsoltSF<\/title>\n<meta name=\"robots\" content=\"index, follow, max-snippet:-1, max-image-preview:large, max-video-preview:-1\" \/>\n<link rel=\"canonical\" href=\"https:\/\/juditandzsoltsf.com\/en\/3-krisztusban-biztonsagban-vagyok\/\" \/>\n<meta property=\"og:locale\" content=\"en_US\" \/>\n<meta property=\"og:type\" content=\"article\" \/>\n<meta property=\"og:title\" content=\"3. KRISZTUSBAN BIZTONS\u00c1GBAN VAGYOK - Judit&amp;ZsoltSF\" \/>\n<meta property=\"og:description\" content=\"Isten pecs\u00e9tje (a L\u00e9lek) van rajtam Sokszor a k\u00f6r\u00fclm\u00e9nyeink, a kudarcaink vagy m\u00e1sok v\u00e9lem\u00e9nye alapj\u00e1n pr\u00f3b\u00e1ljuk meghat\u00e1rozni, hogy kik vagyunk \u00e9s mennyire vagyunk biztons\u00e1gban. Pedig Isten eg\u00e9szen m\u00e1s alapot adott nek\u00fcnk. Krisztusban nem magunkra maradt, bizonytalan emberek vagyunk, hanem olyanok, akiket Isten mag\u00e1\u00e9nak jel\u00f6lt, megaj\u00e1nd\u00e9kozott a Szentl\u00e9lekkel, \u00e9s az \u0150 hatalmas ereje \u0151riz. A k\u00e9rd\u00e9s [&hellip;]\" \/>\n<meta property=\"og:url\" content=\"https:\/\/juditandzsoltsf.com\/en\/3-krisztusban-biztonsagban-vagyok\/\" \/>\n<meta property=\"og:site_name\" content=\"Judit&amp;ZsoltSF\" \/>\n<meta property=\"article:published_time\" content=\"2026-08-18T12:24:09+00:00\" \/>\n<meta property=\"article:modified_time\" content=\"2026-08-30T06:36:39+00:00\" \/>\n<meta property=\"og:image\" content=\"https:\/\/juditandzsoltsf.com\/wp-content\/uploads\/2026\/08\/Kep-7.jpeg\" \/>\n\t<meta property=\"og:image:width\" content=\"1280\" \/>\n\t<meta property=\"og:image:height\" content=\"721\" \/>\n\t<meta property=\"og:image:type\" content=\"image\/jpeg\" \/>\n<meta name=\"author\" content=\"judit\" \/>\n<meta name=\"twitter:card\" content=\"summary_large_image\" \/>\n<meta name=\"twitter:label1\" content=\"Written by\" \/>\n\t<meta name=\"twitter:data1\" content=\"judit\" \/>\n\t<meta name=\"twitter:label2\" content=\"Est. reading time\" \/>\n\t<meta name=\"twitter:data2\" content=\"9 minutes\" \/>\n<script type=\"application\/ld+json\" class=\"yoast-schema-graph\">{\"@context\":\"https:\\\/\\\/schema.org\",\"@graph\":[{\"@type\":\"Article\",\"@id\":\"https:\\\/\\\/juditandzsoltsf.com\\\/3-krisztusban-biztonsagban-vagyok\\\/#article\",\"isPartOf\":{\"@id\":\"https:\\\/\\\/juditandzsoltsf.com\\\/3-krisztusban-biztonsagban-vagyok\\\/\"},\"author\":{\"name\":\"judit\",\"@id\":\"https:\\\/\\\/juditandzsoltsf.com\\\/#\\\/schema\\\/person\\\/5982680a0bef03f4d516e857679823a9\"},\"headline\":\"3. KRISZTUSBAN BIZTONS\u00c1GBAN VAGYOK\",\"datePublished\":\"2026-08-18T12:24:09+00:00\",\"dateModified\":\"2026-08-30T06:36:39+00:00\",\"mainEntityOfPage\":{\"@id\":\"https:\\\/\\\/juditandzsoltsf.com\\\/3-krisztusban-biztonsagban-vagyok\\\/\"},\"wordCount\":2746,\"commentCount\":0,\"publisher\":{\"@id\":\"https:\\\/\\\/juditandzsoltsf.com\\\/#organization\"},\"image\":{\"@id\":\"https:\\\/\\\/juditandzsoltsf.com\\\/3-krisztusban-biztonsagban-vagyok\\\/#primaryimage\"},\"thumbnailUrl\":\"https:\\\/\\\/i0.wp.com\\\/juditandzsoltsf.com\\\/wp-content\\\/uploads\\\/2026\\\/08\\\/Kep-7.jpeg?fit=1280%2C721&ssl=1\",\"keywords\":[\"\u00dajsz\u00f6vets\u00e9g\"],\"articleSection\":[\"Blog\"],\"inLanguage\":\"en-US\",\"potentialAction\":[{\"@type\":\"CommentAction\",\"name\":\"Comment\",\"target\":[\"https:\\\/\\\/juditandzsoltsf.com\\\/3-krisztusban-biztonsagban-vagyok\\\/#respond\"]}]},{\"@type\":\"WebPage\",\"@id\":\"https:\\\/\\\/juditandzsoltsf.com\\\/3-krisztusban-biztonsagban-vagyok\\\/\",\"url\":\"https:\\\/\\\/juditandzsoltsf.com\\\/3-krisztusban-biztonsagban-vagyok\\\/\",\"name\":\"3. KRISZTUSBAN BIZTONS\u00c1GBAN VAGYOK - Judit&amp;ZsoltSF\",\"isPartOf\":{\"@id\":\"https:\\\/\\\/juditandzsoltsf.com\\\/#website\"},\"primaryImageOfPage\":{\"@id\":\"https:\\\/\\\/juditandzsoltsf.com\\\/3-krisztusban-biztonsagban-vagyok\\\/#primaryimage\"},\"image\":{\"@id\":\"https:\\\/\\\/juditandzsoltsf.com\\\/3-krisztusban-biztonsagban-vagyok\\\/#primaryimage\"},\"thumbnailUrl\":\"https:\\\/\\\/i0.wp.com\\\/juditandzsoltsf.com\\\/wp-content\\\/uploads\\\/2026\\\/08\\\/Kep-7.jpeg?fit=1280%2C721&ssl=1\",\"datePublished\":\"2026-08-18T12:24:09+00:00\",\"dateModified\":\"2026-08-30T06:36:39+00:00\",\"breadcrumb\":{\"@id\":\"https:\\\/\\\/juditandzsoltsf.com\\\/3-krisztusban-biztonsagban-vagyok\\\/#breadcrumb\"},\"inLanguage\":\"en-US\",\"potentialAction\":[{\"@type\":\"ReadAction\",\"target\":[\"https:\\\/\\\/juditandzsoltsf.com\\\/3-krisztusban-biztonsagban-vagyok\\\/\"]}]},{\"@type\":\"ImageObject\",\"inLanguage\":\"en-US\",\"@id\":\"https:\\\/\\\/juditandzsoltsf.com\\\/3-krisztusban-biztonsagban-vagyok\\\/#primaryimage\",\"url\":\"https:\\\/\\\/i0.wp.com\\\/juditandzsoltsf.com\\\/wp-content\\\/uploads\\\/2026\\\/08\\\/Kep-7.jpeg?fit=1280%2C721&ssl=1\",\"contentUrl\":\"https:\\\/\\\/i0.wp.com\\\/juditandzsoltsf.com\\\/wp-content\\\/uploads\\\/2026\\\/08\\\/Kep-7.jpeg?fit=1280%2C721&ssl=1\",\"width\":1280,\"height\":721},{\"@type\":\"BreadcrumbList\",\"@id\":\"https:\\\/\\\/juditandzsoltsf.com\\\/3-krisztusban-biztonsagban-vagyok\\\/#breadcrumb\",\"itemListElement\":[{\"@type\":\"ListItem\",\"position\":1,\"name\":\"Home\",\"item\":\"https:\\\/\\\/juditandzsoltsf.com\\\/\"},{\"@type\":\"ListItem\",\"position\":2,\"name\":\"3. KRISZTUSBAN BIZTONS\u00c1GBAN VAGYOK\"}]},{\"@type\":\"WebSite\",\"@id\":\"https:\\\/\\\/juditandzsoltsf.com\\\/#website\",\"url\":\"https:\\\/\\\/juditandzsoltsf.com\\\/\",\"name\":\"Judit&amp;ZsoltSF\",\"description\":\"Blog\",\"publisher\":{\"@id\":\"https:\\\/\\\/juditandzsoltsf.com\\\/#organization\"},\"potentialAction\":[{\"@type\":\"SearchAction\",\"target\":{\"@type\":\"EntryPoint\",\"urlTemplate\":\"https:\\\/\\\/juditandzsoltsf.com\\\/?s={search_term_string}\"},\"query-input\":{\"@type\":\"PropertyValueSpecification\",\"valueRequired\":true,\"valueName\":\"search_term_string\"}}],\"inLanguage\":\"en-US\"},{\"@type\":\"Organization\",\"@id\":\"https:\\\/\\\/juditandzsoltsf.com\\\/#organization\",\"name\":\"Judit&amp;ZsoltSF\",\"url\":\"https:\\\/\\\/juditandzsoltsf.com\\\/\",\"logo\":{\"@type\":\"ImageObject\",\"inLanguage\":\"en-US\",\"@id\":\"https:\\\/\\\/juditandzsoltsf.com\\\/#\\\/schema\\\/logo\\\/image\\\/\",\"url\":\"https:\\\/\\\/i0.wp.com\\\/juditandzsoltsf.com\\\/wp-content\\\/uploads\\\/2024\\\/10\\\/699J6M-LogoMakr.webp?fit=250%2C123&ssl=1\",\"contentUrl\":\"https:\\\/\\\/i0.wp.com\\\/juditandzsoltsf.com\\\/wp-content\\\/uploads\\\/2024\\\/10\\\/699J6M-LogoMakr.webp?fit=250%2C123&ssl=1\",\"width\":250,\"height\":123,\"caption\":\"Judit&amp;ZsoltSF\"},\"image\":{\"@id\":\"https:\\\/\\\/juditandzsoltsf.com\\\/#\\\/schema\\\/logo\\\/image\\\/\"}},{\"@type\":\"Person\",\"@id\":\"https:\\\/\\\/juditandzsoltsf.com\\\/#\\\/schema\\\/person\\\/5982680a0bef03f4d516e857679823a9\",\"name\":\"judit\",\"image\":{\"@type\":\"ImageObject\",\"inLanguage\":\"en-US\",\"@id\":\"https:\\\/\\\/secure.gravatar.com\\\/avatar\\\/28a125569ec16b396eadd21bfb36ae05e3f2e50a6d124fc27f676024e03973b3?s=96&d=mm&r=g\",\"url\":\"https:\\\/\\\/secure.gravatar.com\\\/avatar\\\/28a125569ec16b396eadd21bfb36ae05e3f2e50a6d124fc27f676024e03973b3?s=96&d=mm&r=g\",\"contentUrl\":\"https:\\\/\\\/secure.gravatar.com\\\/avatar\\\/28a125569ec16b396eadd21bfb36ae05e3f2e50a6d124fc27f676024e03973b3?s=96&d=mm&r=g\",\"caption\":\"judit\"},\"sameAs\":[\"https:\\\/\\\/juditandzsoltsf.com\"],\"url\":\"https:\\\/\\\/juditandzsoltsf.com\\\/en\\\/author\\\/judit\\\/\"}]}<\/script>\n<!-- \/ Yoast SEO plugin. -->","yoast_head_json":{"title":"3. KRISZTUSBAN BIZTONS\u00c1GBAN VAGYOK - Judit&amp;ZsoltSF","robots":{"index":"index","follow":"follow","max-snippet":"max-snippet:-1","max-image-preview":"max-image-preview:large","max-video-preview":"max-video-preview:-1"},"canonical":"https:\/\/juditandzsoltsf.com\/en\/3-krisztusban-biztonsagban-vagyok\/","og_locale":"en_US","og_type":"article","og_title":"3. KRISZTUSBAN BIZTONS\u00c1GBAN VAGYOK - Judit&amp;ZsoltSF","og_description":"Isten pecs\u00e9tje (a L\u00e9lek) van rajtam Sokszor a k\u00f6r\u00fclm\u00e9nyeink, a kudarcaink vagy m\u00e1sok v\u00e9lem\u00e9nye alapj\u00e1n pr\u00f3b\u00e1ljuk meghat\u00e1rozni, hogy kik vagyunk \u00e9s mennyire vagyunk biztons\u00e1gban. Pedig Isten eg\u00e9szen m\u00e1s alapot adott nek\u00fcnk. Krisztusban nem magunkra maradt, bizonytalan emberek vagyunk, hanem olyanok, akiket Isten mag\u00e1\u00e9nak jel\u00f6lt, megaj\u00e1nd\u00e9kozott a Szentl\u00e9lekkel, \u00e9s az \u0150 hatalmas ereje \u0151riz. A k\u00e9rd\u00e9s [&hellip;]","og_url":"https:\/\/juditandzsoltsf.com\/en\/3-krisztusban-biztonsagban-vagyok\/","og_site_name":"Judit&amp;ZsoltSF","article_published_time":"2026-08-18T12:24:09+00:00","article_modified_time":"2026-08-30T06:36:39+00:00","og_image":[{"width":1280,"height":721,"url":"https:\/\/juditandzsoltsf.com\/wp-content\/uploads\/2026\/08\/Kep-7.jpeg","type":"image\/jpeg"}],"author":"judit","twitter_card":"summary_large_image","twitter_misc":{"Written by":"judit","Est. reading time":"9 minutes"},"schema":{"@context":"https:\/\/schema.org","@graph":[{"@type":"Article","@id":"https:\/\/juditandzsoltsf.com\/3-krisztusban-biztonsagban-vagyok\/#article","isPartOf":{"@id":"https:\/\/juditandzsoltsf.com\/3-krisztusban-biztonsagban-vagyok\/"},"author":{"name":"judit","@id":"https:\/\/juditandzsoltsf.com\/#\/schema\/person\/5982680a0bef03f4d516e857679823a9"},"headline":"3. KRISZTUSBAN BIZTONS\u00c1GBAN VAGYOK","datePublished":"2026-08-18T12:24:09+00:00","dateModified":"2026-08-30T06:36:39+00:00","mainEntityOfPage":{"@id":"https:\/\/juditandzsoltsf.com\/3-krisztusban-biztonsagban-vagyok\/"},"wordCount":2746,"commentCount":0,"publisher":{"@id":"https:\/\/juditandzsoltsf.com\/#organization"},"image":{"@id":"https:\/\/juditandzsoltsf.com\/3-krisztusban-biztonsagban-vagyok\/#primaryimage"},"thumbnailUrl":"https:\/\/i0.wp.com\/juditandzsoltsf.com\/wp-content\/uploads\/2026\/08\/Kep-7.jpeg?fit=1280%2C721&ssl=1","keywords":["\u00dajsz\u00f6vets\u00e9g"],"articleSection":["Blog"],"inLanguage":"en-US","potentialAction":[{"@type":"CommentAction","name":"Comment","target":["https:\/\/juditandzsoltsf.com\/3-krisztusban-biztonsagban-vagyok\/#respond"]}]},{"@type":"WebPage","@id":"https:\/\/juditandzsoltsf.com\/3-krisztusban-biztonsagban-vagyok\/","url":"https:\/\/juditandzsoltsf.com\/3-krisztusban-biztonsagban-vagyok\/","name":"3. KRISZTUSBAN BIZTONS\u00c1GBAN VAGYOK - Judit&amp;ZsoltSF","isPartOf":{"@id":"https:\/\/juditandzsoltsf.com\/#website"},"primaryImageOfPage":{"@id":"https:\/\/juditandzsoltsf.com\/3-krisztusban-biztonsagban-vagyok\/#primaryimage"},"image":{"@id":"https:\/\/juditandzsoltsf.com\/3-krisztusban-biztonsagban-vagyok\/#primaryimage"},"thumbnailUrl":"https:\/\/i0.wp.com\/juditandzsoltsf.com\/wp-content\/uploads\/2026\/08\/Kep-7.jpeg?fit=1280%2C721&ssl=1","datePublished":"2026-08-18T12:24:09+00:00","dateModified":"2026-08-30T06:36:39+00:00","breadcrumb":{"@id":"https:\/\/juditandzsoltsf.com\/3-krisztusban-biztonsagban-vagyok\/#breadcrumb"},"inLanguage":"en-US","potentialAction":[{"@type":"ReadAction","target":["https:\/\/juditandzsoltsf.com\/3-krisztusban-biztonsagban-vagyok\/"]}]},{"@type":"ImageObject","inLanguage":"en-US","@id":"https:\/\/juditandzsoltsf.com\/3-krisztusban-biztonsagban-vagyok\/#primaryimage","url":"https:\/\/i0.wp.com\/juditandzsoltsf.com\/wp-content\/uploads\/2026\/08\/Kep-7.jpeg?fit=1280%2C721&ssl=1","contentUrl":"https:\/\/i0.wp.com\/juditandzsoltsf.com\/wp-content\/uploads\/2026\/08\/Kep-7.jpeg?fit=1280%2C721&ssl=1","width":1280,"height":721},{"@type":"BreadcrumbList","@id":"https:\/\/juditandzsoltsf.com\/3-krisztusban-biztonsagban-vagyok\/#breadcrumb","itemListElement":[{"@type":"ListItem","position":1,"name":"Home","item":"https:\/\/juditandzsoltsf.com\/"},{"@type":"ListItem","position":2,"name":"3. KRISZTUSBAN BIZTONS\u00c1GBAN VAGYOK"}]},{"@type":"WebSite","@id":"https:\/\/juditandzsoltsf.com\/#website","url":"https:\/\/juditandzsoltsf.com\/","name":"Judit&amp;ZsoltSF","description":"Blog","publisher":{"@id":"https:\/\/juditandzsoltsf.com\/#organization"},"potentialAction":[{"@type":"SearchAction","target":{"@type":"EntryPoint","urlTemplate":"https:\/\/juditandzsoltsf.com\/?s={search_term_string}"},"query-input":{"@type":"PropertyValueSpecification","valueRequired":true,"valueName":"search_term_string"}}],"inLanguage":"en-US"},{"@type":"Organization","@id":"https:\/\/juditandzsoltsf.com\/#organization","name":"Judit&amp;ZsoltSF","url":"https:\/\/juditandzsoltsf.com\/","logo":{"@type":"ImageObject","inLanguage":"en-US","@id":"https:\/\/juditandzsoltsf.com\/#\/schema\/logo\/image\/","url":"https:\/\/i0.wp.com\/juditandzsoltsf.com\/wp-content\/uploads\/2024\/10\/699J6M-LogoMakr.webp?fit=250%2C123&ssl=1","contentUrl":"https:\/\/i0.wp.com\/juditandzsoltsf.com\/wp-content\/uploads\/2024\/10\/699J6M-LogoMakr.webp?fit=250%2C123&ssl=1","width":250,"height":123,"caption":"Judit&amp;ZsoltSF"},"image":{"@id":"https:\/\/juditandzsoltsf.com\/#\/schema\/logo\/image\/"}},{"@type":"Person","@id":"https:\/\/juditandzsoltsf.com\/#\/schema\/person\/5982680a0bef03f4d516e857679823a9","name":"judit","image":{"@type":"ImageObject","inLanguage":"en-US","@id":"https:\/\/secure.gravatar.com\/avatar\/28a125569ec16b396eadd21bfb36ae05e3f2e50a6d124fc27f676024e03973b3?s=96&d=mm&r=g","url":"https:\/\/secure.gravatar.com\/avatar\/28a125569ec16b396eadd21bfb36ae05e3f2e50a6d124fc27f676024e03973b3?s=96&d=mm&r=g","contentUrl":"https:\/\/secure.gravatar.com\/avatar\/28a125569ec16b396eadd21bfb36ae05e3f2e50a6d124fc27f676024e03973b3?s=96&d=mm&r=g","caption":"judit"},"sameAs":["https:\/\/juditandzsoltsf.com"],"url":"https:\/\/juditandzsoltsf.com\/en\/author\/judit\/"}]}},"jetpack_sharing_enabled":true,"jetpack_featured_media_url":"https:\/\/i0.wp.com\/juditandzsoltsf.com\/wp-content\/uploads\/2026\/08\/Kep-7.jpeg?fit=1280%2C721&ssl=1","rttpg_featured_image_url":{"full":["https:\/\/i0.wp.com\/juditandzsoltsf.com\/wp-content\/uploads\/2026\/08\/Kep-7.jpeg?fit=1280%2C721&ssl=1",1280,721,false],"landscape":["https:\/\/juditandzsoltsf.com\/wp-content\/uploads\/2026\/08\/Kep-7.jpeg",1280,721,false],"portraits":["https:\/\/juditandzsoltsf.com\/wp-content\/uploads\/2026\/08\/Kep-7.jpeg",1280,721,false],"thumbnail":["https:\/\/i0.wp.com\/juditandzsoltsf.com\/wp-content\/uploads\/2026\/08\/Kep-7.jpeg?resize=150%2C150&ssl=1",150,150,true],"medium":["https:\/\/i0.wp.com\/juditandzsoltsf.com\/wp-content\/uploads\/2026\/08\/Kep-7.jpeg?fit=300%2C169&ssl=1",300,169,true],"large":["https:\/\/i0.wp.com\/juditandzsoltsf.com\/wp-content\/uploads\/2026\/08\/Kep-7.jpeg?fit=1024%2C577&ssl=1",1024,577,true],"1536x1536":["https:\/\/i0.wp.com\/juditandzsoltsf.com\/wp-content\/uploads\/2026\/08\/Kep-7.jpeg?fit=1280%2C721&ssl=1",1280,721,true],"2048x2048":["https:\/\/i0.wp.com\/juditandzsoltsf.com\/wp-content\/uploads\/2026\/08\/Kep-7.jpeg?fit=1280%2C721&ssl=1",1280,721,true],"trp-custom-language-flag":["https:\/\/i0.wp.com\/juditandzsoltsf.com\/wp-content\/uploads\/2026\/08\/Kep-7.jpeg?fit=18%2C10&ssl=1",18,10,true]},"rttpg_author":{"display_name":"judit","author_link":"https:\/\/juditandzsoltsf.com\/en\/author\/judit\/"},"rttpg_comment":0,"rttpg_category":"<a href=\"https:\/\/juditandzsoltsf.com\/en\/category\/blog\/\" rel=\"category tag\">Blog<\/a>","rttpg_excerpt":"Isten pecs\u00e9tje (a L\u00e9lek) van rajtam Sokszor a k\u00f6r\u00fclm\u00e9nyeink, a kudarcaink vagy m\u00e1sok v\u00e9lem\u00e9nye alapj\u00e1n pr\u00f3b\u00e1ljuk meghat\u00e1rozni, hogy kik vagyunk \u00e9s mennyire vagyunk biztons\u00e1gban. Pedig Isten eg\u00e9szen m\u00e1s alapot adott nek\u00fcnk. Krisztusban nem magunkra maradt, bizonytalan emberek vagyunk, hanem olyanok, akiket Isten mag\u00e1\u00e9nak jel\u00f6lt, megaj\u00e1nd\u00e9kozott a Szentl\u00e9lekkel, \u00e9s az \u0150 hatalmas ereje \u0151riz. A k\u00e9rd\u00e9s&hellip;","_links":{"self":[{"href":"https:\/\/juditandzsoltsf.com\/en\/wp-json\/wp\/v2\/posts\/6590","targetHints":{"allow":["GET"]}}],"collection":[{"href":"https:\/\/juditandzsoltsf.com\/en\/wp-json\/wp\/v2\/posts"}],"about":[{"href":"https:\/\/juditandzsoltsf.com\/en\/wp-json\/wp\/v2\/types\/post"}],"author":[{"embeddable":true,"href":"https:\/\/juditandzsoltsf.com\/en\/wp-json\/wp\/v2\/users\/1"}],"replies":[{"embeddable":true,"href":"https:\/\/juditandzsoltsf.com\/en\/wp-json\/wp\/v2\/comments?post=6590"}],"version-history":[{"count":20,"href":"https:\/\/juditandzsoltsf.com\/en\/wp-json\/wp\/v2\/posts\/6590\/revisions"}],"predecessor-version":[{"id":6697,"href":"https:\/\/juditandzsoltsf.com\/en\/wp-json\/wp\/v2\/posts\/6590\/revisions\/6697"}],"wp:featuredmedia":[{"embeddable":true,"href":"https:\/\/juditandzsoltsf.com\/en\/wp-json\/wp\/v2\/media\/6662"}],"wp:attachment":[{"href":"https:\/\/juditandzsoltsf.com\/en\/wp-json\/wp\/v2\/media?parent=6590"}],"wp:term":[{"taxonomy":"category","embeddable":true,"href":"https:\/\/juditandzsoltsf.com\/en\/wp-json\/wp\/v2\/categories?post=6590"},{"taxonomy":"post_tag","embeddable":true,"href":"https:\/\/juditandzsoltsf.com\/en\/wp-json\/wp\/v2\/tags?post=6590"}],"curies":[{"name":"wp","href":"https:\/\/api.w.org\/{rel}","templated":true}]}}