{"id":6582,"date":"2026-08-19T20:01:38","date_gmt":"2026-08-19T18:01:38","guid":{"rendered":"https:\/\/juditandzsoltsf.com\/?p=6582"},"modified":"2026-08-19T20:01:40","modified_gmt":"2026-08-19T18:01:40","slug":"miert-varat-isten-arra-amire-a-legjobban-vagyunk","status":"publish","type":"post","link":"https:\/\/juditandzsoltsf.com\/en\/miert-varat-isten-arra-amire-a-legjobban-vagyunk\/","title":{"rendered":"Mi\u00e9rt v\u00e1rat Isten arra, amire a legjobban v\u00e1gyunk?"},"content":{"rendered":"<div data-elementor-type=\"wp-post\" data-elementor-id=\"6582\" class=\"elementor elementor-6582\">\n\t\t\t\t<div class=\"elementor-element elementor-element-5a1e039 e-con e-atomic-element e-flexbox-base e-4646300\" data-id=\"5a1e039\" data-element_type=\"e-flexbox\" data-e-type=\"e-flexbox\" data-interaction-id=\"5a1e039\">\n    \t\t<div class=\"elementor-element elementor-element-b4dc5b6 elementor-widget elementor-widget-heading\" data-id=\"b4dc5b6\" data-element_type=\"widget\" data-e-type=\"widget\" data-widget_type=\"heading.default\">\n\t\t\t\t<div class=\"elementor-widget-container\">\n\t\t\t\t\t<h2 class=\"elementor-heading-title elementor-size-default\">1 S\u00e1muel 1<\/h2>\t\t\t\t<\/div>\n\t\t\t\t<\/div>\n\t\t\n<\/div>\n<div class=\"elementor-element elementor-element-b409c5b e-con e-atomic-element e-flexbox-base e-a895833\" data-id=\"b409c5b\" data-element_type=\"e-flexbox\" data-e-type=\"e-flexbox\" data-interaction-id=\"b409c5b\">\n    \t\t<div class=\"elementor-element elementor-element-0d16304 elementor-widget elementor-widget-text-editor\" data-id=\"0d16304\" data-element_type=\"widget\" data-e-type=\"widget\" data-widget_type=\"text-editor.default\">\n\t\t\t\t<div class=\"elementor-widget-container\">\n\t\t\t\t\t\t\t\t\t<p>Van, amikor nem azt nem\u00e9rtj\u00fck, hogy Isten mi\u00e9rt nem ad valamit. Hanem azt, hogy mi\u00e9rt nem adja meg azt, amir\u0151l tudjuk, hogy j\u00f3.<\/p>\t\t\t\t\t\t\t\t<\/div>\n\t\t\t\t<\/div>\n\t\t\n<\/div>\n<div class=\"elementor-element elementor-element-5567218 e-con e-atomic-element e-flexbox-base e-2bf895f\" data-id=\"5567218\" data-element_type=\"e-flexbox\" data-e-type=\"e-flexbox\" data-interaction-id=\"5567218\">\n    \t\t<div class=\"elementor-element elementor-element-98eca2e elementor-widget elementor-widget-text-editor\" data-id=\"98eca2e\" data-element_type=\"widget\" data-e-type=\"widget\" data-widget_type=\"text-editor.default\">\n\t\t\t\t<div class=\"elementor-widget-container\">\n\t\t\t\t\t\t\t\t\t<p>Mi\u00e9rt nem gy\u00f3gy\u00edt meg?<br \/>Mi\u00e9rt nem j\u00f6n a gyermek?<br \/>Mi\u00e9rt nem rendez\u0151dik a h\u00e1zass\u00e1g?<br \/>Mi\u00e9rt nem kapom meg azt a munk\u00e1t, ami\u00e9rt annyit im\u00e1dkoztam?<br \/>Mi\u00e9rt kell m\u00e9g mindig v\u00e1rnom?<\/p>\t\t\t\t\t\t\t\t<\/div>\n\t\t\t\t<\/div>\n\t\t\n<\/div>\n<div class=\"elementor-element elementor-element-cb9c3ab e-con e-atomic-element e-flexbox-base e-2de7131\" data-id=\"cb9c3ab\" data-element_type=\"e-flexbox\" data-e-type=\"e-flexbox\" data-interaction-id=\"cb9c3ab\">\n    \t\t<div class=\"elementor-element elementor-element-06634ee elementor-widget elementor-widget-text-editor\" data-id=\"06634ee\" data-element_type=\"widget\" data-e-type=\"widget\" data-widget_type=\"text-editor.default\">\n\t\t\t\t<div class=\"elementor-widget-container\">\n\t\t\t\t\t\t\t\t\t<p>Az 1S\u00e1muel 1. fejezet\u00e9ben egy asszony t\u00f6rt\u00e9net\u00e9vel tal\u00e1lkozunk, aki pontosan ezt az \u00e9rz\u00e9st ismeri. Anna gyermeket szeretett volna. Nagyon. De nem lehetett gyermeke.<\/p>\t\t\t\t\t\t\t\t<\/div>\n\t\t\t\t<\/div>\n\t\t\n<\/div>\n<div class=\"elementor-element elementor-element-4124264 e-con e-atomic-element e-flexbox-base e-0c625b6\" data-id=\"4124264\" data-element_type=\"e-flexbox\" data-e-type=\"e-flexbox\" data-interaction-id=\"4124264\">\n    \t\t<div class=\"elementor-element elementor-element-4eac533 elementor-widget elementor-widget-text-editor\" data-id=\"4eac533\" data-element_type=\"widget\" data-e-type=\"widget\" data-widget_type=\"text-editor.default\">\n\t\t\t\t<div class=\"elementor-widget-container\">\n\t\t\t\t\t\t\t\t\t<p>\u00c9s akkor j\u00f6n egy mondat, ami els\u0151 olvas\u00e1sra szinte meg\u00fct:<\/p>\t\t\t\t\t\t\t\t<\/div>\n\t\t\t\t<\/div>\n\t\t\n<\/div>\n<div class=\"elementor-element elementor-element-3ae54f1 e-con e-atomic-element e-flexbox-base e-723f8c7\" data-id=\"3ae54f1\" data-element_type=\"e-flexbox\" data-e-type=\"e-flexbox\" data-interaction-id=\"3ae54f1\">\n    \t\t<div class=\"elementor-element elementor-element-1b37e1a elementor-widget elementor-widget-text-editor\" data-id=\"1b37e1a\" data-element_type=\"widget\" data-e-type=\"widget\" data-widget_type=\"text-editor.default\">\n\t\t\t\t<div class=\"elementor-widget-container\">\n\t\t\t\t\t\t\t\t\t<blockquote><p>\u201eAz \u00daR bez\u00e1rta a m\u00e9h\u00e9t.\u201d 1S\u00e1muel 1:5 R\u00daF<\/p><\/blockquote>\t\t\t\t\t\t\t\t<\/div>\n\t\t\t\t<\/div>\n\t\t\n<\/div>\n<div class=\"elementor-element elementor-element-ed471ba e-con e-atomic-element e-flexbox-base e-81ce928\" data-id=\"ed471ba\" data-element_type=\"e-flexbox\" data-e-type=\"e-flexbox\" data-interaction-id=\"ed471ba\">\n    \t\t<div class=\"elementor-element elementor-element-1c085a8 elementor-widget elementor-widget-text-editor\" data-id=\"1c085a8\" data-element_type=\"widget\" data-e-type=\"widget\" data-widget_type=\"text-editor.default\">\n\t\t\t\t<div class=\"elementor-widget-container\">\n\t\t\t\t\t\t\t\t\t<p>De h\u00e1t mi\u00e9rt?<\/p>\t\t\t\t\t\t\t\t<\/div>\n\t\t\t\t<\/div>\n\t\t\n<\/div>\n<div class=\"elementor-element elementor-element-186087f e-con e-atomic-element e-flexbox-base e-fd3b39f\" data-id=\"186087f\" data-element_type=\"e-flexbox\" data-e-type=\"e-flexbox\" data-interaction-id=\"186087f\">\n    \t\t<div class=\"elementor-element elementor-element-1cfaa8f elementor-widget elementor-widget-text-editor\" data-id=\"1cfaa8f\" data-element_type=\"widget\" data-e-type=\"widget\" data-widget_type=\"text-editor.default\">\n\t\t\t\t<div class=\"elementor-widget-container\">\n\t\t\t\t\t\t\t\t\t<p>Hiszen ugyanaz az Isten mondta a teremt\u00e9skor: \u201eSzaporodjatok, sokasodjatok\u201d (1M\u00f3zes 1,28). Mi\u00e9rt z\u00e1rja be akkor Anna m\u00e9h\u00e9t?<\/p>\t\t\t\t\t\t\t\t<\/div>\n\t\t\t\t<\/div>\n\t\t\n<\/div>\n<div class=\"elementor-element elementor-element-2814226 e-con e-atomic-element e-flexbox-base e-dcf6e58\" data-id=\"2814226\" data-element_type=\"e-flexbox\" data-e-type=\"e-flexbox\" data-interaction-id=\"2814226\">\n    \t\t<div class=\"elementor-element elementor-element-23fbd7c elementor-widget elementor-widget-text-editor\" data-id=\"23fbd7c\" data-element_type=\"widget\" data-e-type=\"widget\" data-widget_type=\"text-editor.default\">\n\t\t\t\t<div class=\"elementor-widget-container\">\n\t\t\t\t\t\t\t\t\t<p>Nem Anna az egyetlen, akinek t\u00f6rt\u00e9net\u00e9ben tal\u00e1lkozunk ezzel. S\u00e1ra hossz\u00fa \u00e9veken \u00e1t v\u00e1rt gyermekre (1M\u00f3zes 16,2), S\u00e1mson \u00e9desanyja medd\u0151 volt, miel\u0151tt Isten meg\u00edg\u00e9rte volna neki a gyermeket (B\u00edr\u00e1k 13,3), \u00e9s Erzs\u00e9bet is hossz\u00fa v\u00e1rakoz\u00e1s ut\u00e1n lett Keresztel\u0151 J\u00e1nos \u00e9desanyja (Luk\u00e1cs 1,13).<\/p>\t\t\t\t\t\t\t\t<\/div>\n\t\t\t\t<\/div>\n\t\t\n<\/div>\n<div class=\"elementor-element elementor-element-c1aa4fb e-con e-atomic-element e-flexbox-base e-724a120\" data-id=\"c1aa4fb\" data-element_type=\"e-flexbox\" data-e-type=\"e-flexbox\" data-interaction-id=\"c1aa4fb\">\n    \t\t<div class=\"elementor-element elementor-element-dfc626c elementor-widget elementor-widget-heading\" data-id=\"dfc626c\" data-element_type=\"widget\" data-e-type=\"widget\" data-widget_type=\"heading.default\">\n\t\t\t\t<div class=\"elementor-widget-container\">\n\t\t\t\t\t<h2 class=\"elementor-heading-title elementor-size-default\">Nem minden k\u00e9s\u00e9s Isten nemje. Van, amikor a k\u00e9s\u00e9s az el\u0151k\u00e9sz\u00fclet r\u00e9sze.<\/h2>\t\t\t\t<\/div>\n\t\t\t\t<\/div>\n\t\t\n<\/div>\n<div class=\"elementor-element elementor-element-7286b7e e-con e-atomic-element e-flexbox-base e-2d0140d\" data-id=\"7286b7e\" data-element_type=\"e-flexbox\" data-e-type=\"e-flexbox\" data-interaction-id=\"7286b7e\">\n    \t\t<div class=\"elementor-element elementor-element-1e84ebe elementor-widget elementor-widget-text-editor\" data-id=\"1e84ebe\" data-element_type=\"widget\" data-e-type=\"widget\" data-widget_type=\"text-editor.default\">\n\t\t\t\t<div class=\"elementor-widget-container\">\n\t\t\t\t\t\t\t\t\t<p>Isten t\u00f6rt\u00e9net\u00e9ben \u00fajra \u00e9s \u00fajra tal\u00e1lkozunk olyan emberekkel, akiknek valami fontosra kellett v\u00e1rniuk. \u00c9s tal\u00e1n \u00e9ppen ez az egyik legnehezebb dolog a hitben: amikor tudjuk, hogy Isten k\u00e9pes lenne megadni, amit k\u00e9r\u00fcnk, m\u00e9gsem adja meg akkor, amikor mi szeretn\u00e9nk.<\/p>\t\t\t\t\t\t\t\t<\/div>\n\t\t\t\t<\/div>\n\t\t\n<\/div>\n<div class=\"elementor-element elementor-element-ac69711 e-con e-atomic-element e-flexbox-base e-17f6ec8\" data-id=\"ac69711\" data-element_type=\"e-flexbox\" data-e-type=\"e-flexbox\" data-interaction-id=\"ac69711\">\n    \t\t<div class=\"elementor-element elementor-element-81c3d6f elementor-widget elementor-widget-text-editor\" data-id=\"81c3d6f\" data-element_type=\"widget\" data-e-type=\"widget\" data-widget_type=\"text-editor.default\">\n\t\t\t\t<div class=\"elementor-widget-container\">\n\t\t\t\t\t\t\t\t\t<p>Anna val\u00f3sz\u00edn\u0171leg nem tudta, mi\u00e9rt kell v\u00e1rnia. Nem l\u00e1tta azt, amit mi m\u00e1r l\u00e1tunk a t\u00f6rt\u00e9net v\u00e9g\u00e9n. Nem tudta, hogy megsz\u00fcletik S\u00e1muel. Nem tudta, hogy a gyermek, akire annyira v\u00e1gyik, egyszer majd Isten szolg\u00e1lat\u00e1ban \u00e1ll. Nem tudta, hogy az \u0151 k\u00f6nnyei \u00e9s im\u00e1ds\u00e1gai egy sokkal nagyobb t\u00f6rt\u00e9net r\u00e9szei.<\/p>\t\t\t\t\t\t\t\t<\/div>\n\t\t\t\t<\/div>\n\t\t\n<\/div>\n<div class=\"elementor-element elementor-element-e34d20d e-con e-atomic-element e-flexbox-base e-9f66ef4\" data-id=\"e34d20d\" data-element_type=\"e-flexbox\" data-e-type=\"e-flexbox\" data-interaction-id=\"e34d20d\">\n    \t\t<div class=\"elementor-element elementor-element-cf8fae6 elementor-widget elementor-widget-text-editor\" data-id=\"cf8fae6\" data-element_type=\"widget\" data-e-type=\"widget\" data-widget_type=\"text-editor.default\">\n\t\t\t\t<div class=\"elementor-widget-container\">\n\t\t\t\t\t\t\t\t\t<p>Csak azt tudta, hogy f\u00e1j. \u00c9s k\u00f6zben Isten valami olyasmire k\u00e9sz\u00edtette fel, amire tal\u00e1n m\u00e9g nem volt k\u00e9sz. Mert nemcsak S\u00e1muel megsz\u00fclet\u00e9s\u00e9re kellett v\u00e1rnia. Anna sz\u00edv\u00e9nek is k\u00e9szen kellett \u00e1llnia arra, hogy S\u00e1muelt oda tudja adni Istennek. Ez pedig tal\u00e1n m\u00e9g nehezebb.<\/p>\t\t\t\t\t\t\t\t<\/div>\n\t\t\t\t<\/div>\n\t\t\n<\/div>\n<div class=\"elementor-element elementor-element-e3a9125 e-con e-atomic-element e-flexbox-base e-8d8c0d8\" data-id=\"e3a9125\" data-element_type=\"e-flexbox\" data-e-type=\"e-flexbox\" data-interaction-id=\"e3a9125\">\n    \t\t<div class=\"elementor-element elementor-element-9c37bdf elementor-widget elementor-widget-text-editor\" data-id=\"9c37bdf\" data-element_type=\"widget\" data-e-type=\"widget\" data-widget_type=\"text-editor.default\">\n\t\t\t\t<div class=\"elementor-widget-container\">\n\t\t\t\t\t\t\t\t\t<p>Mert k\u00f6nny\u0171 azt mondani: \u201eUram, add meg nekem!\u201d<\/p>\t\t\t\t\t\t\t\t<\/div>\n\t\t\t\t<\/div>\n\t\t\n<\/div>\n<div class=\"elementor-element elementor-element-0b35d61 e-con e-atomic-element e-flexbox-base e-d63fb27\" data-id=\"0b35d61\" data-element_type=\"e-flexbox\" data-e-type=\"e-flexbox\" data-interaction-id=\"0b35d61\">\n    \t\t<div class=\"elementor-element elementor-element-5430bde elementor-widget elementor-widget-text-editor\" data-id=\"5430bde\" data-element_type=\"widget\" data-e-type=\"widget\" data-widget_type=\"text-editor.default\">\n\t\t\t\t<div class=\"elementor-widget-container\">\n\t\t\t\t\t\t\t\t\t<p>Sokkal nehezebb azt mondani: \u201eUram, ha megadod, akkor is a Ti\u00e9d marad.\u201d<\/p>\t\t\t\t\t\t\t\t<\/div>\n\t\t\t\t<\/div>\n\t\t\n<\/div>\n<div class=\"elementor-element elementor-element-d41b673 e-con e-atomic-element e-flexbox-base e-ee03fec\" data-id=\"d41b673\" data-element_type=\"e-flexbox\" data-e-type=\"e-flexbox\" data-interaction-id=\"d41b673\">\n    \t\t<div class=\"elementor-element elementor-element-23c228d elementor-widget elementor-widget-text-editor\" data-id=\"23c228d\" data-element_type=\"widget\" data-e-type=\"widget\" data-widget_type=\"text-editor.default\">\n\t\t\t\t<div class=\"elementor-widget-container\">\n\t\t\t\t\t\t\t\t\t<p>Anna \u00e9ppen erre jutott el. Amikor im\u00e1dkozott, ezt mondta:<\/p>\t\t\t\t\t\t\t\t<\/div>\n\t\t\t\t<\/div>\n\t\t\n<\/div>\n<div class=\"elementor-element elementor-element-621d263 e-con e-atomic-element e-flexbox-base e-dc43934\" data-id=\"621d263\" data-element_type=\"e-flexbox\" data-e-type=\"e-flexbox\" data-interaction-id=\"621d263\">\n    \t\t<div class=\"elementor-element elementor-element-5c6efa7 elementor-widget elementor-widget-text-editor\" data-id=\"5c6efa7\" data-element_type=\"widget\" data-e-type=\"widget\" data-widget_type=\"text-editor.default\">\n\t\t\t\t<div class=\"elementor-widget-container\">\n\t\t\t\t\t\t\t\t\t<blockquote><p>\u201eSeregek Ura! Ha r\u00e9szv\u00e9ttel tekintesz szolg\u00e1l\u00f3le\u00e1nyod nyomor\u00fas\u00e1g\u00e1ra, gondod lesz r\u00e1m, \u00e9s nem feledkezel meg szolg\u00e1l\u00f3le\u00e1nyodr\u00f3l, hanem fi\u00fagyermeket adsz szolg\u00e1l\u00f3le\u00e1nyodnak, akkor eg\u00e9sz \u00e9let\u00e9re az \u00darnak adom, \u00e9s nem \u00e9ri borotva a fej\u00e9t!\u201d 1S\u00e1muel 1:11 R\u00daF<\/p><\/blockquote>\t\t\t\t\t\t\t\t<\/div>\n\t\t\t\t<\/div>\n\t\t\n<\/div>\n<div class=\"elementor-element elementor-element-f4d3e84 e-con e-atomic-element e-flexbox-base e-a3c3c20\" data-id=\"f4d3e84\" data-element_type=\"e-flexbox\" data-e-type=\"e-flexbox\" data-interaction-id=\"f4d3e84\">\n    \t\t<div class=\"elementor-element elementor-element-d4ebbb7 elementor-widget elementor-widget-image\" data-id=\"d4ebbb7\" data-element_type=\"widget\" data-e-type=\"widget\" data-widget_type=\"image.default\">\n\t\t\t\t<div class=\"elementor-widget-container\">\n\t\t\t\t\t\t\t\t\t\t\t\t\t\t\t<img fetchpriority=\"high\" decoding=\"async\" width=\"1024\" height=\"683\" src=\"https:\/\/i0.wp.com\/juditandzsoltsf.com\/wp-content\/uploads\/2026\/08\/ACAC0239-CF19-42AC-A7C8-D0F9E422491F.jpeg?fit=1024%2C683&amp;ssl=1\" class=\"attachment-large size-large wp-image-6656\" alt=\"\" srcset=\"https:\/\/i0.wp.com\/juditandzsoltsf.com\/wp-content\/uploads\/2026\/08\/ACAC0239-CF19-42AC-A7C8-D0F9E422491F.jpeg?w=1280&amp;ssl=1 1280w, https:\/\/i0.wp.com\/juditandzsoltsf.com\/wp-content\/uploads\/2026\/08\/ACAC0239-CF19-42AC-A7C8-D0F9E422491F.jpeg?resize=300%2C200&amp;ssl=1 300w, https:\/\/i0.wp.com\/juditandzsoltsf.com\/wp-content\/uploads\/2026\/08\/ACAC0239-CF19-42AC-A7C8-D0F9E422491F.jpeg?resize=1024%2C683&amp;ssl=1 1024w, https:\/\/i0.wp.com\/juditandzsoltsf.com\/wp-content\/uploads\/2026\/08\/ACAC0239-CF19-42AC-A7C8-D0F9E422491F.jpeg?resize=768%2C512&amp;ssl=1 768w, https:\/\/i0.wp.com\/juditandzsoltsf.com\/wp-content\/uploads\/2026\/08\/ACAC0239-CF19-42AC-A7C8-D0F9E422491F.jpeg?resize=18%2C12&amp;ssl=1 18w\" sizes=\"(max-width: 1000px) 100vw, 1000px\" \/>\t\t\t\t\t\t\t\t\t\t\t\t\t\t\t<\/div>\n\t\t\t\t<\/div>\n\t\t\n<\/div>\n<div class=\"elementor-element elementor-element-0497a2a e-con e-atomic-element e-flexbox-base e-53a1d16\" data-id=\"0497a2a\" data-element_type=\"e-flexbox\" data-e-type=\"e-flexbox\" data-interaction-id=\"0497a2a\">\n    \t\t<div class=\"elementor-element elementor-element-4ce67da elementor-widget elementor-widget-heading\" data-id=\"4ce67da\" data-element_type=\"widget\" data-e-type=\"widget\" data-widget_type=\"heading.default\">\n\t\t\t\t<div class=\"elementor-widget-container\">\n\t\t\t\t\t<h2 class=\"elementor-heading-title elementor-size-default\">Isten nemcsak azt k\u00e9sz\u00edti el\u0151, amit k\u00e9rsz. N\u00e9ha el\u0151bb t\u00e9ged k\u00e9sz\u00edt fel r\u00e1.<\/h2>\t\t\t\t<\/div>\n\t\t\t\t<\/div>\n\t\t\n<\/div>\n<div class=\"elementor-element elementor-element-5f4f628 e-con e-atomic-element e-flexbox-base e-6b15b1e\" data-id=\"5f4f628\" data-element_type=\"e-flexbox\" data-e-type=\"e-flexbox\" data-interaction-id=\"5f4f628\">\n    \t\t<div class=\"elementor-element elementor-element-04c9a62 elementor-widget elementor-widget-text-editor\" data-id=\"04c9a62\" data-element_type=\"widget\" data-e-type=\"widget\" data-widget_type=\"text-editor.default\">\n\t\t\t\t<div class=\"elementor-widget-container\">\n\t\t\t\t\t\t\t\t\t<p>Figyelj\u00fck meg: Anna nem egyszer\u0171en gyermeket k\u00e9rt. \u0150 k\u00e9sz volt odaadni azt, amire a legjobban v\u00e1gyott. Tal\u00e1n ez\u00e9rt volt sz\u00fcks\u00e9ge arra a hossz\u00fa v\u00e1rakoz\u00e1sra. Nem az\u00e9rt, mert Isten kegyetlen volt vele. Nem az\u00e9rt, mert nem hallotta az im\u00e1ds\u00e1g\u00e1t. \u00c9s nem az\u00e9rt, mert Anna nem volt el\u00e9g h\u00edv\u0151. Lehet, hogy Isten k\u00f6zben Anna sz\u00edv\u00e9t k\u00e9sz\u00edtette.<\/p>\t\t\t\t\t\t\t\t<\/div>\n\t\t\t\t<\/div>\n\t\t\n<\/div>\n<div class=\"elementor-element elementor-element-cede15e e-con e-atomic-element e-flexbox-base e-8a3337e\" data-id=\"cede15e\" data-element_type=\"e-flexbox\" data-e-type=\"e-flexbox\" data-interaction-id=\"cede15e\">\n    \t\t<div class=\"elementor-element elementor-element-eeb1884 elementor-widget elementor-widget-text-editor\" data-id=\"eeb1884\" data-element_type=\"widget\" data-e-type=\"widget\" data-widget_type=\"text-editor.default\">\n\t\t\t\t<div class=\"elementor-widget-container\">\n\t\t\t\t\t\t\t\t\t<p>\u00c9s ez nagyon kem\u00e9ny tan\u00edt\u00e1s. Mert mi \u00e1ltal\u00e1ban azt szeretn\u00e9nk, hogy Isten v\u00e1ltoztassa meg a k\u00f6r\u00fclm\u00e9nyeinket. \u0150 pedig sokszor el\u0151sz\u00f6r benn\u00fcnket v\u00e1ltoztat meg.<\/p>\t\t\t\t\t\t\t\t<\/div>\n\t\t\t\t<\/div>\n\t\t\n<\/div>\n<div class=\"elementor-element elementor-element-3a1f674 e-con e-atomic-element e-flexbox-base e-f5f5ac8\" data-id=\"3a1f674\" data-element_type=\"e-flexbox\" data-e-type=\"e-flexbox\" data-interaction-id=\"3a1f674\">\n    \t\t<div class=\"elementor-element elementor-element-7bf4eee elementor-widget elementor-widget-text-editor\" data-id=\"7bf4eee\" data-element_type=\"widget\" data-e-type=\"widget\" data-widget_type=\"text-editor.default\">\n\t\t\t\t<div class=\"elementor-widget-container\">\n\t\t\t\t\t\t\t\t\t<p>Mi azt k\u00e9rdezz\u00fck: \u201eMikor?\u201d<\/p><p>\u00a0<\/p><p>Isten pedig n\u00e9ha azt k\u00e9rdezi: \u201eK\u00e9szen \u00e1llsz?\u201d<\/p><p>\u00a0<\/p><p>Mi azt mondjuk: \u201eUram, add m\u00e1r v\u00e9gre!\u201d<\/p><p>\u00a0<\/p><p>\u0150 pedig tal\u00e1n ezt munk\u00e1lja benn\u00fcnk: \u201eHa megadom, k\u00e9pes leszel elengedni?\u201d<\/p>\t\t\t\t\t\t\t\t<\/div>\n\t\t\t\t<\/div>\n\t\t\n<\/div>\n<div class=\"elementor-element elementor-element-8a5b238 e-con e-atomic-element e-flexbox-base e-207eea0\" data-id=\"8a5b238\" data-element_type=\"e-flexbox\" data-e-type=\"e-flexbox\" data-interaction-id=\"8a5b238\">\n    \t\t<div class=\"elementor-element elementor-element-ccc98a4 elementor-widget elementor-widget-text-editor\" data-id=\"ccc98a4\" data-element_type=\"widget\" data-e-type=\"widget\" data-widget_type=\"text-editor.default\">\n\t\t\t\t<div class=\"elementor-widget-container\">\n\t\t\t\t\t\t\t\t\t<p>Ez k\u00fcl\u00f6n\u00f6sen neh\u00e9z sz\u00fcl\u0151k\u00e9nt. Mert amikor gyermeket kapunk, \u00f6szt\u00f6n\u00f6sen azt gondoljuk, hogy nek\u00fcnk kell megv\u00e9den\u00fcnk \u0151t. Mindent\u0151l. Mindenkit\u0151l. Minden rossz d\u00f6nt\u00e9st\u0151l. Szeretn\u00e9nk tudni, mi lesz vele t\u00edz, h\u00fasz vagy harminc \u00e9v m\u00falva. Szeretn\u00e9nk kik\u00f6vezni el\u0151tte az utat.<\/p>\t\t\t\t\t\t\t\t<\/div>\n\t\t\t\t<\/div>\n\t\t\n<\/div>\n<div class=\"elementor-element elementor-element-6cdc287 e-con e-atomic-element e-flexbox-base e-bf341ad\" data-id=\"6cdc287\" data-element_type=\"e-flexbox\" data-e-type=\"e-flexbox\" data-interaction-id=\"6cdc287\">\n    \t\t<div class=\"elementor-element elementor-element-ae53d71 elementor-widget elementor-widget-text-editor\" data-id=\"ae53d71\" data-element_type=\"widget\" data-e-type=\"widget\" data-widget_type=\"text-editor.default\">\n\t\t\t\t<div class=\"elementor-widget-container\">\n\t\t\t\t\t\t\t\t\t<p>De nem tudjuk.<\/p>\t\t\t\t\t\t\t\t<\/div>\n\t\t\t\t<\/div>\n\t\t\n<\/div>\n<div class=\"elementor-element elementor-element-6a276ec e-con e-atomic-element e-flexbox-base e-b7a2c3b\" data-id=\"6a276ec\" data-element_type=\"e-flexbox\" data-e-type=\"e-flexbox\" data-interaction-id=\"6a276ec\">\n    \t\t<div class=\"elementor-element elementor-element-9efc725 elementor-widget elementor-widget-heading\" data-id=\"9efc725\" data-element_type=\"widget\" data-e-type=\"widget\" data-widget_type=\"heading.default\">\n\t\t\t\t<div class=\"elementor-widget-container\">\n\t\t\t\t\t<h2 class=\"elementor-heading-title elementor-size-default\">Amit g\u00f6rcs\u00f6sen szor\u00edtunk, azt neh\u00e9z Isten kez\u00e9be tenni.<\/h2>\t\t\t\t<\/div>\n\t\t\t\t<\/div>\n\t\t\n<\/div>\n<div class=\"elementor-element elementor-element-95d4aba e-con e-atomic-element e-flexbox-base e-38f5728\" data-id=\"95d4aba\" data-element_type=\"e-flexbox\" data-e-type=\"e-flexbox\" data-interaction-id=\"95d4aba\">\n    \t\t<div class=\"elementor-element elementor-element-2746a56 elementor-widget elementor-widget-text-editor\" data-id=\"2746a56\" data-element_type=\"widget\" data-e-type=\"widget\" data-widget_type=\"text-editor.default\">\n\t\t\t\t<div class=\"elementor-widget-container\">\n\t\t\t\t\t\t\t\t\t<p>Mi csak egy bizonyos pontig l\u00e1tunk. \u00c9n sem tudom, mi lesz a gyermekeim \u00e9let\u00e9vel. Nem tudom \u0151ket minden f\u00e1jdalomt\u00f3l meg\u00f3vni. Nem tudom helyett\u00fck meghozni a j\u00f3 d\u00f6nt\u00e9seket. Nem tudom, mi lesz sz\u00e1mukra a legjobb hossz\u00fa t\u00e1von. \u00c9s tal\u00e1n nekem is \u00fajra \u00e9s \u00fajra meg kell tanulnom azt, amit Anna megtanult:<\/p>\t\t\t\t\t\t\t\t<\/div>\n\t\t\t\t<\/div>\n\t\t\n<\/div>\n<div class=\"elementor-element elementor-element-8ae0d68 e-con e-atomic-element e-flexbox-base e-663df79\" data-id=\"8ae0d68\" data-element_type=\"e-flexbox\" data-e-type=\"e-flexbox\" data-interaction-id=\"8ae0d68\">\n    \t\t<div class=\"elementor-element elementor-element-1ed0635 elementor-widget elementor-widget-text-editor\" data-id=\"1ed0635\" data-element_type=\"widget\" data-e-type=\"widget\" data-widget_type=\"text-editor.default\">\n\t\t\t\t<div class=\"elementor-widget-container\">\n\t\t\t\t\t\t\t\t\t<p>A gyermekeim nem az \u00e9n tulajdonom. Isten aj\u00e1nd\u00e9kai, akiket egy id\u0151re r\u00e1m b\u00edzott. \u00c9n szeretem \u0151ket. Teszem, amit emberileg megtehetek \u00e9rt\u00fck. Vigy\u00e1zok r\u00e1juk, tan\u00edtom \u0151ket, t\u00e1mogatom \u0151ket, \u00e9s szeretn\u00e9m a legjobbat nekik.<\/p>\t\t\t\t\t\t\t\t<\/div>\n\t\t\t\t<\/div>\n\t\t\n<\/div>\n<div class=\"elementor-element elementor-element-13a0b2c e-con e-atomic-element e-flexbox-base e-150dd01\" data-id=\"13a0b2c\" data-element_type=\"e-flexbox\" data-e-type=\"e-flexbox\" data-interaction-id=\"13a0b2c\">\n    \t\t<div class=\"elementor-element elementor-element-7b04f54 elementor-widget elementor-widget-text-editor\" data-id=\"7b04f54\" data-element_type=\"widget\" data-e-type=\"widget\" data-widget_type=\"text-editor.default\">\n\t\t\t\t<div class=\"elementor-widget-container\">\n\t\t\t\t\t\t\t\t\t<p>De Isten jobban ismeri \u0151ket n\u00e1lam. \u0150 teremtette \u0151ket. \u0150 m\u00e1r akkor ismerte \u0151ket, amikor m\u00e9g \u00e9n sem tudtam, hogy valaha az \u00e9letem r\u00e9szei lesznek. \u00c9s \u0150 nemcsak azt l\u00e1tja, ami ma t\u00f6rt\u00e9nik vel\u00fck. \u0150 l\u00e1tja az eg\u00e9sz \u00e9let\u00fcket.<\/p>\t\t\t\t\t\t\t\t<\/div>\n\t\t\t\t<\/div>\n\t\t\n<\/div>\n<div class=\"elementor-element elementor-element-43e78a7 e-con e-atomic-element e-flexbox-base e-c7350ed\" data-id=\"43e78a7\" data-element_type=\"e-flexbox\" data-e-type=\"e-flexbox\" data-interaction-id=\"43e78a7\">\n    \t\t<div class=\"elementor-element elementor-element-15c51c4 elementor-widget elementor-widget-text-editor\" data-id=\"15c51c4\" data-element_type=\"widget\" data-e-type=\"widget\" data-widget_type=\"text-editor.default\">\n\t\t\t\t<div class=\"elementor-widget-container\">\n\t\t\t\t\t\t\t\t\t<p>Ez\u00e9rt az elenged\u00e9s nem azt jelenti, hogy nem szeret\u00fcnk el\u00e9gg\u00e9. N\u00e9ha \u00e9ppen az elenged\u00e9s a bizalom egyik legm\u00e9lyebb form\u00e1ja. \u00c9s ez nemcsak a gyermekeinkre igaz.<\/p>\t\t\t\t\t\t\t\t<\/div>\n\t\t\t\t<\/div>\n\t\t\n<\/div>\n<div class=\"elementor-element elementor-element-2c1f606 e-con e-atomic-element e-flexbox-base e-6b8ff94\" data-id=\"2c1f606\" data-element_type=\"e-flexbox\" data-e-type=\"e-flexbox\" data-interaction-id=\"2c1f606\">\n    \t\t<div class=\"elementor-element elementor-element-133fc16 elementor-widget elementor-widget-text-editor\" data-id=\"133fc16\" data-element_type=\"widget\" data-e-type=\"widget\" data-widget_type=\"text-editor.default\">\n\t\t\t\t<div class=\"elementor-widget-container\">\n\t\t\t\t\t\t\t\t\t<p>Tal\u00e1n van valami az \u00e9letedben, amit g\u00f6rcs\u00f6sen szor\u00edtasz.<\/p>\t\t\t\t\t\t\t\t<\/div>\n\t\t\t\t<\/div>\n\t\t\n<\/div>\n<div class=\"elementor-element elementor-element-0d68860 e-con e-atomic-element e-flexbox-base e-3dc945f\" data-id=\"0d68860\" data-element_type=\"e-flexbox\" data-e-type=\"e-flexbox\" data-interaction-id=\"0d68860\">\n    \t\t<div class=\"elementor-element elementor-element-e6020e9 elementor-widget elementor-widget-text-editor\" data-id=\"e6020e9\" data-element_type=\"widget\" data-e-type=\"widget\" data-widget_type=\"text-editor.default\">\n\t\t\t\t<div class=\"elementor-widget-container\">\n\t\t\t\t\t\t\t\t\t<p>Egy kapcsolatot.<br \/>Egy gyermeket.<br \/>Egy munk\u00e1t.<br \/>Egy \u00e1lmot.<br \/>Egy elk\u00e9pzel\u00e9s arr\u00f3l, milyennek kellene lennie az \u00e9letednek.<\/p>\t\t\t\t\t\t\t\t<\/div>\n\t\t\t\t<\/div>\n\t\t\n<\/div>\n<div class=\"elementor-element elementor-element-3a3571f e-con e-atomic-element e-flexbox-base e-30c9b1b\" data-id=\"3a3571f\" data-element_type=\"e-flexbox\" data-e-type=\"e-flexbox\" data-interaction-id=\"3a3571f\">\n    \t\t<div class=\"elementor-element elementor-element-f8b08e1 elementor-widget elementor-widget-text-editor\" data-id=\"f8b08e1\" data-element_type=\"widget\" data-e-type=\"widget\" data-widget_type=\"text-editor.default\">\n\t\t\t\t<div class=\"elementor-widget-container\">\n\t\t\t\t\t\t\t\t\t<p>Tal\u00e1n h\u00f3napok vagy \u00e9vek \u00f3ta k\u00e9rsz valamit Istent\u0151l, \u00e9s nem \u00e9rted, mi\u00e9rt nem t\u00f6rt\u00e9nik semmi. Lehet, hogy most csak a bez\u00e1rt ajt\u00f3t l\u00e1tod. De mi van, ha Isten k\u00f6zben t\u00e9ged k\u00e9sz\u00edt arra, amit az ajt\u00f3 m\u00f6g\u00f6tt k\u00e9sz\u00edtett el? Mert Isten sokszor nem az id\u0151t pazarolja el a v\u00e1rakoz\u00e1ssal. A v\u00e1rakoz\u00e1sban dolgozik rajtunk.<\/p>\t\t\t\t\t\t\t\t<\/div>\n\t\t\t\t<\/div>\n\t\t\n<\/div>\n<div class=\"elementor-element elementor-element-494cba6 e-con e-atomic-element e-flexbox-base e-bc49530\" data-id=\"494cba6\" data-element_type=\"e-flexbox\" data-e-type=\"e-flexbox\" data-interaction-id=\"494cba6\">\n    \t\t<div class=\"elementor-element elementor-element-db3f9a5 elementor-widget elementor-widget-image\" data-id=\"db3f9a5\" data-element_type=\"widget\" data-e-type=\"widget\" data-widget_type=\"image.default\">\n\t\t\t\t<div class=\"elementor-widget-container\">\n\t\t\t\t\t\t\t\t\t\t\t\t\t\t\t<img decoding=\"async\" width=\"1024\" height=\"683\" src=\"https:\/\/i0.wp.com\/juditandzsoltsf.com\/wp-content\/uploads\/2026\/08\/1F2EB1E2-46E6-4083-B22A-BE10A7A90BAD.jpeg?fit=1024%2C683&amp;ssl=1\" class=\"attachment-large size-large wp-image-6655\" alt=\"\" srcset=\"https:\/\/i0.wp.com\/juditandzsoltsf.com\/wp-content\/uploads\/2026\/08\/1F2EB1E2-46E6-4083-B22A-BE10A7A90BAD.jpeg?w=1280&amp;ssl=1 1280w, https:\/\/i0.wp.com\/juditandzsoltsf.com\/wp-content\/uploads\/2026\/08\/1F2EB1E2-46E6-4083-B22A-BE10A7A90BAD.jpeg?resize=300%2C200&amp;ssl=1 300w, https:\/\/i0.wp.com\/juditandzsoltsf.com\/wp-content\/uploads\/2026\/08\/1F2EB1E2-46E6-4083-B22A-BE10A7A90BAD.jpeg?resize=1024%2C683&amp;ssl=1 1024w, https:\/\/i0.wp.com\/juditandzsoltsf.com\/wp-content\/uploads\/2026\/08\/1F2EB1E2-46E6-4083-B22A-BE10A7A90BAD.jpeg?resize=768%2C512&amp;ssl=1 768w, https:\/\/i0.wp.com\/juditandzsoltsf.com\/wp-content\/uploads\/2026\/08\/1F2EB1E2-46E6-4083-B22A-BE10A7A90BAD.jpeg?resize=18%2C12&amp;ssl=1 18w\" sizes=\"(max-width: 1000px) 100vw, 1000px\" \/>\t\t\t\t\t\t\t\t\t\t\t\t\t\t\t<\/div>\n\t\t\t\t<\/div>\n\t\t\n<\/div>\n<div class=\"elementor-element elementor-element-7c28bf0 e-con e-atomic-element e-flexbox-base e-ae41df9\" data-id=\"7c28bf0\" data-element_type=\"e-flexbox\" data-e-type=\"e-flexbox\" data-interaction-id=\"7c28bf0\">\n    \t\t<div class=\"elementor-element elementor-element-325e64c elementor-widget elementor-widget-heading\" data-id=\"325e64c\" data-element_type=\"widget\" data-e-type=\"widget\" data-widget_type=\"heading.default\">\n\t\t\t\t<div class=\"elementor-widget-container\">\n\t\t\t\t\t<h2 class=\"elementor-heading-title elementor-size-default\">A v\u00e1rakoz\u00e1snak is lehet k\u00fcldet\u00e9se.<\/h2>\t\t\t\t<\/div>\n\t\t\t\t<\/div>\n\t\t\n<\/div>\n<div class=\"elementor-element elementor-element-1cf1ef3 e-con e-atomic-element e-flexbox-base e-3a68be3\" data-id=\"1cf1ef3\" data-element_type=\"e-flexbox\" data-e-type=\"e-flexbox\" data-interaction-id=\"1cf1ef3\">\n    \t\t<div class=\"elementor-element elementor-element-9fec62e elementor-widget elementor-widget-text-editor\" data-id=\"9fec62e\" data-element_type=\"widget\" data-e-type=\"widget\" data-widget_type=\"text-editor.default\">\n\t\t\t\t<div class=\"elementor-widget-container\">\n\t\t\t\t\t\t\t\t\t<p>M\u00f3zesnek negyven \u00e9vig kellett a puszt\u00e1ban \u00e9lnie. Az az ember, aki kor\u00e1bban indulatosan meg\u00f6lt egy egyiptomit, k\u00e9s\u0151bb \u00fagy jelenik meg el\u0151tt\u00fcnk, mint aki a Biblia szerint:<\/p>\t\t\t\t\t\t\t\t<\/div>\n\t\t\t\t<\/div>\n\t\t\n<\/div>\n<div class=\"elementor-element elementor-element-a135c34 e-con e-atomic-element e-flexbox-base e-7ed6dbc\" data-id=\"a135c34\" data-element_type=\"e-flexbox\" data-e-type=\"e-flexbox\" data-interaction-id=\"a135c34\">\n    \t\t<div class=\"elementor-element elementor-element-56a2bdb elementor-widget elementor-widget-text-editor\" data-id=\"56a2bdb\" data-element_type=\"widget\" data-e-type=\"widget\" data-widget_type=\"text-editor.default\">\n\t\t\t\t<div class=\"elementor-widget-container\">\n\t\t\t\t\t\t\t\t\t<blockquote><p>\u201eEz a M\u00f3zes pedig igen al\u00e1zatos volt, a f\u00f6ld\u00f6n \u00e9l\u0151 minden embern\u00e9l al\u00e1zatosabb.\u201d 4M\u00f3zes 12:3 R\u00daF<\/p><\/blockquote>\t\t\t\t\t\t\t\t<\/div>\n\t\t\t\t<\/div>\n\t\t\n<\/div>\n<div class=\"elementor-element elementor-element-37b68c6 e-con e-atomic-element e-flexbox-base e-3781772\" data-id=\"37b68c6\" data-element_type=\"e-flexbox\" data-e-type=\"e-flexbox\" data-interaction-id=\"37b68c6\">\n    \t\t<div class=\"elementor-element elementor-element-822e1bc elementor-widget elementor-widget-text-editor\" data-id=\"822e1bc\" data-element_type=\"widget\" data-e-type=\"widget\" data-widget_type=\"text-editor.default\">\n\t\t\t\t<div class=\"elementor-widget-container\">\n\t\t\t\t\t\t\t\t\t<p>Negyven \u00e9v. Nem negyven nap. Nem egy gyors tanfolyam. Negyven \u00e9v felk\u00e9sz\u00fcl\u00e9s. Mi pedig sokszor m\u00e1r n\u00e9h\u00e1ny h\u00f3nap ut\u00e1n azt mondjuk: \u201eIstenem, meddig m\u00e9g?\u201d Pedig lehet, hogy \u00e9ppen a v\u00e1rakoz\u00e1s alatt t\u00f6rt\u00e9nik benn\u00fcnk az, amire k\u00e9s\u0151bb a legnagyobb sz\u00fcks\u00e9g\u00fcnk lesz.<\/p>\t\t\t\t\t\t\t\t<\/div>\n\t\t\t\t<\/div>\n\t\t\n<\/div>\n<div class=\"elementor-element elementor-element-5f4f8fd e-con e-atomic-element e-flexbox-base e-c84c236\" data-id=\"5f4f8fd\" data-element_type=\"e-flexbox\" data-e-type=\"e-flexbox\" data-interaction-id=\"5f4f8fd\">\n    \t\t<div class=\"elementor-element elementor-element-295b87d elementor-widget elementor-widget-text-editor\" data-id=\"295b87d\" data-element_type=\"widget\" data-e-type=\"widget\" data-widget_type=\"text-editor.default\">\n\t\t\t\t<div class=\"elementor-widget-container\">\n\t\t\t\t\t\t\t\t\t<p>Nem k\u00f6nny\u0171. A felk\u00e9sz\u00fcl\u00e9s sokszor k\u00f6nnyekkel j\u00e1r. N\u00e9ha csenddel. N\u00e9ha csal\u00f3d\u00e1ssal. N\u00e9ha azzal az \u00e9rz\u00e9ssel, hogy Isten mintha nem v\u00e1laszolna. De att\u00f3l m\u00e9g dolgozhat.<\/p>\t\t\t\t\t\t\t\t<\/div>\n\t\t\t\t<\/div>\n\t\t\n<\/div>\n<div class=\"elementor-element elementor-element-4840cde e-con e-atomic-element e-flexbox-base e-ea9417b\" data-id=\"4840cde\" data-element_type=\"e-flexbox\" data-e-type=\"e-flexbox\" data-interaction-id=\"4840cde\">\n    \t\t<div class=\"elementor-element elementor-element-5da4f8a elementor-widget elementor-widget-text-editor\" data-id=\"5da4f8a\" data-element_type=\"widget\" data-e-type=\"widget\" data-widget_type=\"text-editor.default\">\n\t\t\t\t<div class=\"elementor-widget-container\">\n\t\t\t\t\t\t\t\t\t<p>Anna nem l\u00e1tta a teljes t\u00f6rt\u00e9netet. M\u00f3zes sem l\u00e1tta. Mi sem l\u00e1tjuk a saj\u00e1tunkat. De tal\u00e1n nem is az a dolgunk, hogy mindent l\u00e1ssunk. Hanem hogy b\u00edzzunk Abban, aki l\u00e1tja.<\/p>\t\t\t\t\t\t\t\t<\/div>\n\t\t\t\t<\/div>\n\t\t\n<\/div>\n<div class=\"elementor-element elementor-element-852380b e-con e-atomic-element e-flexbox-base e-1ba6b61\" data-id=\"852380b\" data-element_type=\"e-flexbox\" data-e-type=\"e-flexbox\" data-interaction-id=\"852380b\">\n    \t\t<div class=\"elementor-element elementor-element-8995d90 elementor-widget elementor-widget-text-editor\" data-id=\"8995d90\" data-element_type=\"widget\" data-e-type=\"widget\" data-widget_type=\"text-editor.default\">\n\t\t\t\t<div class=\"elementor-widget-container\">\n\t\t\t\t\t\t\t\t\t<p>K\u00e9sz vagy Isten kez\u00e9be tenni azt, amire a legjobban v\u00e1gysz? K\u00e9sz vagy arra, hogy ha \u0150 megadja, ne birtokolni akard, hanem Neki add? \u00c9s k\u00e9sz vagy arra is, hogy ha v\u00e1rnod kell, ne csak azt k\u00e9rdezd: \u201eMikor lesz m\u00e1r?\u201d, hanem azt is:<\/p>\t\t\t\t\t\t\t\t<\/div>\n\t\t\t\t<\/div>\n\t\t\n<\/div>\n<div class=\"elementor-element elementor-element-6ae4d37 e-con e-atomic-element e-flexbox-base e-f81486a\" data-id=\"6ae4d37\" data-element_type=\"e-flexbox\" data-e-type=\"e-flexbox\" data-interaction-id=\"6ae4d37\">\n    \t\t<div class=\"elementor-element elementor-element-f465f52 elementor-widget elementor-widget-text-editor\" data-id=\"f465f52\" data-element_type=\"widget\" data-e-type=\"widget\" data-widget_type=\"text-editor.default\">\n\t\t\t\t<div class=\"elementor-widget-container\">\n\t\t\t\t\t\t\t\t\t<blockquote><p>\u201eUram, mit akarsz k\u00f6zben elv\u00e9gezni bennem?\u201d<\/p><\/blockquote>\t\t\t\t\t\t\t\t<\/div>\n\t\t\t\t<\/div>\n\t\t\n<\/div>\n<div class=\"elementor-element elementor-element-14f17e8 e-con e-atomic-element e-flexbox-base e-99230db\" data-id=\"14f17e8\" data-element_type=\"e-flexbox\" data-e-type=\"e-flexbox\" data-interaction-id=\"14f17e8\">\n    \t\t<div class=\"elementor-element elementor-element-7beb9a1 elementor-widget elementor-widget-heading\" data-id=\"7beb9a1\" data-element_type=\"widget\" data-e-type=\"widget\" data-widget_type=\"heading.default\">\n\t\t\t\t<div class=\"elementor-widget-container\">\n\t\t\t\t\t<h2 class=\"elementor-heading-title elementor-size-default\">Amit Isten r\u00e1d b\u00edz, azt nem az\u00e9rt adja, hogy birtokold, hanem hogy s\u00e1f\u00e1rkodj vele.<\/h2>\t\t\t\t<\/div>\n\t\t\t\t<\/div>\n\t\t\n<\/div>\n<div class=\"elementor-element elementor-element-4cf9e28 e-con e-atomic-element e-flexbox-base e-2430d86\" data-id=\"4cf9e28\" data-element_type=\"e-flexbox\" data-e-type=\"e-flexbox\" data-interaction-id=\"4cf9e28\">\n    \t\t<div class=\"elementor-element elementor-element-8c0ffa4 elementor-widget elementor-widget-text-editor\" data-id=\"8c0ffa4\" data-element_type=\"widget\" data-e-type=\"widget\" data-widget_type=\"text-editor.default\">\n\t\t\t\t<div class=\"elementor-widget-container\">\n\t\t\t\t\t\t\t\t\t<p>Mert lehet, hogy a v\u00e1rakoz\u00e1sod nem egy \u00fcres id\u0151szak. Lehet, hogy Isten \u00e9ppen most k\u00e9sz\u00edt.<\/p>\t\t\t\t\t\t\t\t<\/div>\n\t\t\t\t<\/div>\n\t\t\n<\/div>\n<div class=\"elementor-element elementor-element-91be9a7 e-con e-atomic-element e-flexbox-base e-179970b\" data-id=\"91be9a7\" data-element_type=\"e-flexbox\" data-e-type=\"e-flexbox\" data-interaction-id=\"91be9a7\">\n    \t\t<div class=\"elementor-element elementor-element-5b8262b elementor-widget elementor-widget-text-editor\" data-id=\"5b8262b\" data-element_type=\"widget\" data-e-type=\"widget\" data-widget_type=\"text-editor.default\">\n\t\t\t\t<div class=\"elementor-widget-container\">\n\t\t\t\t\t\t\t\t\t<p>A sz\u00edvedet.<br \/>A hitedet.<br \/>A jellemedet.<br \/>A kezedet, hogy el tudd engedni azt, amit majd r\u00e1d b\u00edz.<\/p>\t\t\t\t\t\t\t\t<\/div>\n\t\t\t\t<\/div>\n\t\t\n<\/div>\n<div class=\"elementor-element elementor-element-5c7f1a5 e-con e-atomic-element e-flexbox-base e-fd48d63\" data-id=\"5c7f1a5\" data-element_type=\"e-flexbox\" data-e-type=\"e-flexbox\" data-interaction-id=\"5c7f1a5\">\n    \t\t<div class=\"elementor-element elementor-element-7168658 elementor-widget elementor-widget-text-editor\" data-id=\"7168658\" data-element_type=\"widget\" data-e-type=\"widget\" data-widget_type=\"text-editor.default\">\n\t\t\t\t<div class=\"elementor-widget-container\">\n\t\t\t\t\t\t\t\t\t<p>\u00c9s amikor elj\u00f6n az id\u0151, tal\u00e1n meg\u00e9rted, mi\u00e9rt kellett olyan sok\u00e1ig v\u00e1rni.<\/p><p>\u00a0<\/p><p>Addig pedig marad a bizalom.<\/p>\t\t\t\t\t\t\t\t<\/div>\n\t\t\t\t<\/div>\n\t\t\n<\/div>\n<div class=\"elementor-element elementor-element-fccff51 e-con e-atomic-element e-flexbox-base e-9400c59\" data-id=\"fccff51\" data-element_type=\"e-flexbox\" data-e-type=\"e-flexbox\" data-interaction-id=\"fccff51\">\n    \t\t<div class=\"elementor-element elementor-element-be46751 elementor-widget elementor-widget-text-editor\" data-id=\"be46751\" data-element_type=\"widget\" data-e-type=\"widget\" data-widget_type=\"text-editor.default\">\n\t\t\t\t<div class=\"elementor-widget-container\">\n\t\t\t\t\t\t\t\t\t<blockquote><p>\u201eMert csak \u00e9n tudom, mi a tervem veletek \u2013 \u00edgy sz\u00f3l az \u00dar \u2013: j\u00f3l\u00e9tet \u00e9s nem roml\u00e1st tervezek, \u00e9s rem\u00e9nyteljes j\u00f6v\u0151 az, amelyet nektek sz\u00e1nok.\u201d Jeremi\u00e1s 29:11 R\u00daF<\/p><\/blockquote>\t\t\t\t\t\t\t\t<\/div>\n\t\t\t\t<\/div>\n\t\t\n<\/div>\n<div class=\"elementor-element elementor-element-d8de40d e-con e-atomic-element e-flexbox-base e-76dafef\" data-id=\"d8de40d\" data-element_type=\"e-flexbox\" data-e-type=\"e-flexbox\" data-interaction-id=\"d8de40d\">\n    \t\t<div class=\"elementor-element elementor-element-e563944 elementor-widget elementor-widget-text-editor\" data-id=\"e563944\" data-element_type=\"widget\" data-e-type=\"widget\" data-widget_type=\"text-editor.default\">\n\t\t\t\t<div class=\"elementor-widget-container\">\n\t\t\t\t\t\t\t\t\t<p>Nem mindig \u00e9rtj\u00fck, mit csin\u00e1l Isten. De b\u00edzhatunk abban, hogy \u0150 nemcsak a c\u00e9lt l\u00e1tja, hanem azt az embert is, akiv\u00e9 \u00fatk\u00f6zben form\u00e1l benn\u00fcnket.<\/p>\t\t\t\t\t\t\t\t<\/div>\n\t\t\t\t<\/div>\n\t\t\n<\/div>\n<div class=\"elementor-element elementor-element-9ed0dc9 e-con e-atomic-element e-flexbox-base e-6634ce9\" data-id=\"9ed0dc9\" data-element_type=\"e-flexbox\" data-e-type=\"e-flexbox\" data-interaction-id=\"9ed0dc9\">\n    \t\t<div class=\"elementor-element elementor-element-5d0438e elementor-widget elementor-widget-heading\" data-id=\"5d0438e\" data-element_type=\"widget\" data-e-type=\"widget\" data-widget_type=\"heading.default\">\n\t\t\t\t<div class=\"elementor-widget-container\">\n\t\t\t\t\t<h5 class=\"elementor-heading-title elementor-size-default\">Judit<\/h5>\t\t\t\t<\/div>\n\t\t\t\t<\/div>\n\t\t\n<\/div>\n\t\t<\/div>","protected":false},"excerpt":{"rendered":"<p>1 S\u00e1muel 1 Van, amikor nem azt nem\u00e9rtj\u00fck, hogy Isten mi\u00e9rt nem ad valamit. Hanem azt, hogy mi\u00e9rt nem adja meg azt, amir\u0151l tudjuk, hogy j\u00f3. Mi\u00e9rt nem gy\u00f3gy\u00edt meg?Mi\u00e9rt nem j\u00f6n a gyermek?Mi\u00e9rt nem rendez\u0151dik a h\u00e1zass\u00e1g?Mi\u00e9rt nem kapom meg azt a munk\u00e1t, ami\u00e9rt annyit im\u00e1dkoztam?Mi\u00e9rt kell m\u00e9g mindig v\u00e1rnom? Az 1S\u00e1muel 1. fejezet\u00e9ben [&hellip;]<\/p>\n","protected":false},"author":1,"featured_media":6654,"comment_status":"open","ping_status":"open","sticky":false,"template":"","format":"standard","meta":{"nf_dc_page":"","site-sidebar-layout":"default","site-content-layout":"","ast-site-content-layout":"default","site-content-style":"default","site-sidebar-style":"default","ast-global-header-display":"","ast-banner-title-visibility":"","ast-main-header-display":"","ast-hfb-above-header-display":"","ast-hfb-below-header-display":"","ast-hfb-mobile-header-display":"","site-post-title":"","ast-breadcrumbs-content":"","ast-featured-img":"","footer-sml-layout":"","ast-disable-related-posts":"","theme-transparent-header-meta":"","adv-header-id-meta":"","stick-header-meta":"","header-above-stick-meta":"","header-main-stick-meta":"","header-below-stick-meta":"","astra-migrate-meta-layouts":"set","ast-page-background-enabled":"default","ast-page-background-meta":{"desktop":{"background-color":"var(--ast-global-color-4)","background-image":"","background-repeat":"repeat","background-position":"center center","background-size":"auto","background-attachment":"scroll","background-type":"","background-media":"","overlay-type":"","overlay-color":"","overlay-opacity":"","overlay-gradient":""},"tablet":{"background-color":"","background-image":"","background-repeat":"repeat","background-position":"center center","background-size":"auto","background-attachment":"scroll","background-type":"","background-media":"","overlay-type":"","overlay-color":"","overlay-opacity":"","overlay-gradient":""},"mobile":{"background-color":"","background-image":"","background-repeat":"repeat","background-position":"center center","background-size":"auto","background-attachment":"scroll","background-type":"","background-media":"","overlay-type":"","overlay-color":"","overlay-opacity":"","overlay-gradient":""}},"ast-content-background-meta":{"desktop":{"background-color":"var(--ast-global-color-5)","background-image":"","background-repeat":"repeat","background-position":"center center","background-size":"auto","background-attachment":"scroll","background-type":"","background-media":"","overlay-type":"","overlay-color":"","overlay-opacity":"","overlay-gradient":""},"tablet":{"background-color":"var(--ast-global-color-5)","background-image":"","background-repeat":"repeat","background-position":"center center","background-size":"auto","background-attachment":"scroll","background-type":"","background-media":"","overlay-type":"","overlay-color":"","overlay-opacity":"","overlay-gradient":""},"mobile":{"background-color":"var(--ast-global-color-5)","background-image":"","background-repeat":"repeat","background-position":"center center","background-size":"auto","background-attachment":"scroll","background-type":"","background-media":"","overlay-type":"","overlay-color":"","overlay-opacity":"","overlay-gradient":""}},"_jetpack_newsletter_access":"","_jetpack_dont_email_post_to_subs":false,"_jetpack_newsletter_tier_id":0,"_jetpack_memberships_contains_paywalled_content":false,"_jetpack_memberships_contains_paid_content":false,"footnotes":""},"categories":[1],"tags":[130,133,131,22,129,13,132,128,127],"class_list":["post-6582","post","type-post","status-publish","format-standard","has-post-thumbnail","hentry","category-egyeb","tag-ajandek","tag-anna","tag-gyermek","tag-ima","tag-isten-formal","tag-oszovetseg","tag-samuel","tag-vagyni","tag-varni"],"yoast_head":"<!-- This site is optimized with the Yoast SEO plugin v28.4 - https:\/\/yoast.com\/product\/yoast-seo-wordpress\/ -->\n<title>Mi\u00e9rt v\u00e1rat Isten arra, amire a legjobban v\u00e1gyunk?<\/title>\n<meta name=\"description\" content=\"Mi\u00e9rt engedi Isten a v\u00e1rakoz\u00e1st? Anna t\u00f6rt\u00e9net\u00e9n kereszt\u00fcl megtanulhatjuk, hogyan k\u00e9sz\u00edt fel Isten arra, amit m\u00e9g nem l\u00e1tunk.\" \/>\n<meta name=\"robots\" content=\"index, follow, max-snippet:-1, max-image-preview:large, max-video-preview:-1\" \/>\n<link rel=\"canonical\" href=\"https:\/\/juditandzsoltsf.com\/en\/miert-varat-isten-arra-amire-a-legjobban-vagyunk\/\" \/>\n<meta property=\"og:locale\" content=\"en_US\" \/>\n<meta property=\"og:type\" content=\"article\" \/>\n<meta property=\"og:title\" content=\"Mi\u00e9rt v\u00e1rat Isten arra, amire a legjobban v\u00e1gyunk?\" \/>\n<meta property=\"og:description\" content=\"Mi\u00e9rt engedi Isten a v\u00e1rakoz\u00e1st? Anna t\u00f6rt\u00e9net\u00e9n kereszt\u00fcl megtanulhatjuk, hogyan k\u00e9sz\u00edt fel Isten arra, amit m\u00e9g nem l\u00e1tunk.\" \/>\n<meta property=\"og:url\" content=\"https:\/\/juditandzsoltsf.com\/en\/miert-varat-isten-arra-amire-a-legjobban-vagyunk\/\" \/>\n<meta property=\"og:site_name\" content=\"Judit&amp;ZsoltSF\" \/>\n<meta property=\"article:published_time\" content=\"2026-08-19T18:01:38+00:00\" \/>\n<meta property=\"article:modified_time\" content=\"2026-08-19T18:01:40+00:00\" \/>\n<meta property=\"og:image\" content=\"https:\/\/juditandzsoltsf.com\/wp-content\/uploads\/2026\/08\/F23F35E7-755E-4B7F-85BA-60636E23EF7A.jpeg\" \/>\n\t<meta property=\"og:image:width\" content=\"1280\" \/>\n\t<meta property=\"og:image:height\" content=\"854\" \/>\n\t<meta property=\"og:image:type\" content=\"image\/jpeg\" \/>\n<meta name=\"author\" content=\"judit\" \/>\n<meta name=\"twitter:card\" content=\"summary_large_image\" \/>\n<meta name=\"twitter:label1\" content=\"Written by\" \/>\n\t<meta name=\"twitter:data1\" content=\"judit\" \/>\n\t<meta name=\"twitter:label2\" content=\"Est. reading time\" \/>\n\t<meta name=\"twitter:data2\" content=\"5 minutes\" \/>\n<script type=\"application\/ld+json\" class=\"yoast-schema-graph\">{\"@context\":\"https:\\\/\\\/schema.org\",\"@graph\":[{\"@type\":\"Article\",\"@id\":\"https:\\\/\\\/juditandzsoltsf.com\\\/miert-varat-isten-arra-amire-a-legjobban-vagyunk\\\/#article\",\"isPartOf\":{\"@id\":\"https:\\\/\\\/juditandzsoltsf.com\\\/miert-varat-isten-arra-amire-a-legjobban-vagyunk\\\/\"},\"author\":{\"name\":\"judit\",\"@id\":\"https:\\\/\\\/juditandzsoltsf.com\\\/#\\\/schema\\\/person\\\/5982680a0bef03f4d516e857679823a9\"},\"headline\":\"Mi\u00e9rt v\u00e1rat Isten arra, amire a legjobban v\u00e1gyunk?\",\"datePublished\":\"2026-08-19T18:01:38+00:00\",\"dateModified\":\"2026-08-19T18:01:40+00:00\",\"mainEntityOfPage\":{\"@id\":\"https:\\\/\\\/juditandzsoltsf.com\\\/miert-varat-isten-arra-amire-a-legjobban-vagyunk\\\/\"},\"wordCount\":1461,\"commentCount\":0,\"publisher\":{\"@id\":\"https:\\\/\\\/juditandzsoltsf.com\\\/#organization\"},\"image\":{\"@id\":\"https:\\\/\\\/juditandzsoltsf.com\\\/miert-varat-isten-arra-amire-a-legjobban-vagyunk\\\/#primaryimage\"},\"thumbnailUrl\":\"https:\\\/\\\/i0.wp.com\\\/juditandzsoltsf.com\\\/wp-content\\\/uploads\\\/2026\\\/08\\\/F23F35E7-755E-4B7F-85BA-60636E23EF7A.jpeg?fit=1280%2C854&ssl=1\",\"keywords\":[\"aj\u00e1nd\u00e9k\",\"Anna\",\"gyermek\",\"Ima\",\"Isten form\u00e1l\",\"\u00d3sz\u00f6vets\u00e9g\",\"S\u00e1muel\",\"v\u00e1gyni\",\"v\u00e1rni\"],\"articleSection\":[\"Elm\u00e9lked\u00e9sek\"],\"inLanguage\":\"en-US\",\"potentialAction\":[{\"@type\":\"CommentAction\",\"name\":\"Comment\",\"target\":[\"https:\\\/\\\/juditandzsoltsf.com\\\/miert-varat-isten-arra-amire-a-legjobban-vagyunk\\\/#respond\"]}]},{\"@type\":\"WebPage\",\"@id\":\"https:\\\/\\\/juditandzsoltsf.com\\\/miert-varat-isten-arra-amire-a-legjobban-vagyunk\\\/\",\"url\":\"https:\\\/\\\/juditandzsoltsf.com\\\/miert-varat-isten-arra-amire-a-legjobban-vagyunk\\\/\",\"name\":\"Mi\u00e9rt v\u00e1rat Isten arra, amire a legjobban v\u00e1gyunk?\",\"isPartOf\":{\"@id\":\"https:\\\/\\\/juditandzsoltsf.com\\\/#website\"},\"primaryImageOfPage\":{\"@id\":\"https:\\\/\\\/juditandzsoltsf.com\\\/miert-varat-isten-arra-amire-a-legjobban-vagyunk\\\/#primaryimage\"},\"image\":{\"@id\":\"https:\\\/\\\/juditandzsoltsf.com\\\/miert-varat-isten-arra-amire-a-legjobban-vagyunk\\\/#primaryimage\"},\"thumbnailUrl\":\"https:\\\/\\\/i0.wp.com\\\/juditandzsoltsf.com\\\/wp-content\\\/uploads\\\/2026\\\/08\\\/F23F35E7-755E-4B7F-85BA-60636E23EF7A.jpeg?fit=1280%2C854&ssl=1\",\"datePublished\":\"2026-08-19T18:01:38+00:00\",\"dateModified\":\"2026-08-19T18:01:40+00:00\",\"description\":\"Mi\u00e9rt engedi Isten a v\u00e1rakoz\u00e1st? Anna t\u00f6rt\u00e9net\u00e9n kereszt\u00fcl megtanulhatjuk, hogyan k\u00e9sz\u00edt fel Isten arra, amit m\u00e9g nem l\u00e1tunk.\",\"breadcrumb\":{\"@id\":\"https:\\\/\\\/juditandzsoltsf.com\\\/miert-varat-isten-arra-amire-a-legjobban-vagyunk\\\/#breadcrumb\"},\"inLanguage\":\"en-US\",\"potentialAction\":[{\"@type\":\"ReadAction\",\"target\":[\"https:\\\/\\\/juditandzsoltsf.com\\\/miert-varat-isten-arra-amire-a-legjobban-vagyunk\\\/\"]}]},{\"@type\":\"ImageObject\",\"inLanguage\":\"en-US\",\"@id\":\"https:\\\/\\\/juditandzsoltsf.com\\\/miert-varat-isten-arra-amire-a-legjobban-vagyunk\\\/#primaryimage\",\"url\":\"https:\\\/\\\/i0.wp.com\\\/juditandzsoltsf.com\\\/wp-content\\\/uploads\\\/2026\\\/08\\\/F23F35E7-755E-4B7F-85BA-60636E23EF7A.jpeg?fit=1280%2C854&ssl=1\",\"contentUrl\":\"https:\\\/\\\/i0.wp.com\\\/juditandzsoltsf.com\\\/wp-content\\\/uploads\\\/2026\\\/08\\\/F23F35E7-755E-4B7F-85BA-60636E23EF7A.jpeg?fit=1280%2C854&ssl=1\",\"width\":1280,\"height\":854},{\"@type\":\"BreadcrumbList\",\"@id\":\"https:\\\/\\\/juditandzsoltsf.com\\\/miert-varat-isten-arra-amire-a-legjobban-vagyunk\\\/#breadcrumb\",\"itemListElement\":[{\"@type\":\"ListItem\",\"position\":1,\"name\":\"Home\",\"item\":\"https:\\\/\\\/juditandzsoltsf.com\\\/\"},{\"@type\":\"ListItem\",\"position\":2,\"name\":\"Mi\u00e9rt v\u00e1rat Isten arra, amire a legjobban v\u00e1gyunk?\"}]},{\"@type\":\"WebSite\",\"@id\":\"https:\\\/\\\/juditandzsoltsf.com\\\/#website\",\"url\":\"https:\\\/\\\/juditandzsoltsf.com\\\/\",\"name\":\"Judit&amp;ZsoltSF\",\"description\":\"Blog\",\"publisher\":{\"@id\":\"https:\\\/\\\/juditandzsoltsf.com\\\/#organization\"},\"potentialAction\":[{\"@type\":\"SearchAction\",\"target\":{\"@type\":\"EntryPoint\",\"urlTemplate\":\"https:\\\/\\\/juditandzsoltsf.com\\\/?s={search_term_string}\"},\"query-input\":{\"@type\":\"PropertyValueSpecification\",\"valueRequired\":true,\"valueName\":\"search_term_string\"}}],\"inLanguage\":\"en-US\"},{\"@type\":\"Organization\",\"@id\":\"https:\\\/\\\/juditandzsoltsf.com\\\/#organization\",\"name\":\"Judit&amp;ZsoltSF\",\"url\":\"https:\\\/\\\/juditandzsoltsf.com\\\/\",\"logo\":{\"@type\":\"ImageObject\",\"inLanguage\":\"en-US\",\"@id\":\"https:\\\/\\\/juditandzsoltsf.com\\\/#\\\/schema\\\/logo\\\/image\\\/\",\"url\":\"https:\\\/\\\/i0.wp.com\\\/juditandzsoltsf.com\\\/wp-content\\\/uploads\\\/2024\\\/10\\\/699J6M-LogoMakr.webp?fit=250%2C123&ssl=1\",\"contentUrl\":\"https:\\\/\\\/i0.wp.com\\\/juditandzsoltsf.com\\\/wp-content\\\/uploads\\\/2024\\\/10\\\/699J6M-LogoMakr.webp?fit=250%2C123&ssl=1\",\"width\":250,\"height\":123,\"caption\":\"Judit&amp;ZsoltSF\"},\"image\":{\"@id\":\"https:\\\/\\\/juditandzsoltsf.com\\\/#\\\/schema\\\/logo\\\/image\\\/\"}},{\"@type\":\"Person\",\"@id\":\"https:\\\/\\\/juditandzsoltsf.com\\\/#\\\/schema\\\/person\\\/5982680a0bef03f4d516e857679823a9\",\"name\":\"judit\",\"image\":{\"@type\":\"ImageObject\",\"inLanguage\":\"en-US\",\"@id\":\"https:\\\/\\\/secure.gravatar.com\\\/avatar\\\/28a125569ec16b396eadd21bfb36ae05e3f2e50a6d124fc27f676024e03973b3?s=96&d=mm&r=g\",\"url\":\"https:\\\/\\\/secure.gravatar.com\\\/avatar\\\/28a125569ec16b396eadd21bfb36ae05e3f2e50a6d124fc27f676024e03973b3?s=96&d=mm&r=g\",\"contentUrl\":\"https:\\\/\\\/secure.gravatar.com\\\/avatar\\\/28a125569ec16b396eadd21bfb36ae05e3f2e50a6d124fc27f676024e03973b3?s=96&d=mm&r=g\",\"caption\":\"judit\"},\"sameAs\":[\"https:\\\/\\\/juditandzsoltsf.com\"],\"url\":\"https:\\\/\\\/juditandzsoltsf.com\\\/en\\\/author\\\/judit\\\/\"}]}<\/script>\n<!-- \/ Yoast SEO plugin. -->","yoast_head_json":{"title":"Mi\u00e9rt v\u00e1rat Isten arra, amire a legjobban v\u00e1gyunk?","description":"Mi\u00e9rt engedi Isten a v\u00e1rakoz\u00e1st? Anna t\u00f6rt\u00e9net\u00e9n kereszt\u00fcl megtanulhatjuk, hogyan k\u00e9sz\u00edt fel Isten arra, amit m\u00e9g nem l\u00e1tunk.","robots":{"index":"index","follow":"follow","max-snippet":"max-snippet:-1","max-image-preview":"max-image-preview:large","max-video-preview":"max-video-preview:-1"},"canonical":"https:\/\/juditandzsoltsf.com\/en\/miert-varat-isten-arra-amire-a-legjobban-vagyunk\/","og_locale":"en_US","og_type":"article","og_title":"Mi\u00e9rt v\u00e1rat Isten arra, amire a legjobban v\u00e1gyunk?","og_description":"Mi\u00e9rt engedi Isten a v\u00e1rakoz\u00e1st? Anna t\u00f6rt\u00e9net\u00e9n kereszt\u00fcl megtanulhatjuk, hogyan k\u00e9sz\u00edt fel Isten arra, amit m\u00e9g nem l\u00e1tunk.","og_url":"https:\/\/juditandzsoltsf.com\/en\/miert-varat-isten-arra-amire-a-legjobban-vagyunk\/","og_site_name":"Judit&amp;ZsoltSF","article_published_time":"2026-08-19T18:01:38+00:00","article_modified_time":"2026-08-19T18:01:40+00:00","og_image":[{"width":1280,"height":854,"url":"https:\/\/juditandzsoltsf.com\/wp-content\/uploads\/2026\/08\/F23F35E7-755E-4B7F-85BA-60636E23EF7A.jpeg","type":"image\/jpeg"}],"author":"judit","twitter_card":"summary_large_image","twitter_misc":{"Written by":"judit","Est. reading time":"5 minutes"},"schema":{"@context":"https:\/\/schema.org","@graph":[{"@type":"Article","@id":"https:\/\/juditandzsoltsf.com\/miert-varat-isten-arra-amire-a-legjobban-vagyunk\/#article","isPartOf":{"@id":"https:\/\/juditandzsoltsf.com\/miert-varat-isten-arra-amire-a-legjobban-vagyunk\/"},"author":{"name":"judit","@id":"https:\/\/juditandzsoltsf.com\/#\/schema\/person\/5982680a0bef03f4d516e857679823a9"},"headline":"Mi\u00e9rt v\u00e1rat Isten arra, amire a legjobban v\u00e1gyunk?","datePublished":"2026-08-19T18:01:38+00:00","dateModified":"2026-08-19T18:01:40+00:00","mainEntityOfPage":{"@id":"https:\/\/juditandzsoltsf.com\/miert-varat-isten-arra-amire-a-legjobban-vagyunk\/"},"wordCount":1461,"commentCount":0,"publisher":{"@id":"https:\/\/juditandzsoltsf.com\/#organization"},"image":{"@id":"https:\/\/juditandzsoltsf.com\/miert-varat-isten-arra-amire-a-legjobban-vagyunk\/#primaryimage"},"thumbnailUrl":"https:\/\/i0.wp.com\/juditandzsoltsf.com\/wp-content\/uploads\/2026\/08\/F23F35E7-755E-4B7F-85BA-60636E23EF7A.jpeg?fit=1280%2C854&ssl=1","keywords":["aj\u00e1nd\u00e9k","Anna","gyermek","Ima","Isten form\u00e1l","\u00d3sz\u00f6vets\u00e9g","S\u00e1muel","v\u00e1gyni","v\u00e1rni"],"articleSection":["Elm\u00e9lked\u00e9sek"],"inLanguage":"en-US","potentialAction":[{"@type":"CommentAction","name":"Comment","target":["https:\/\/juditandzsoltsf.com\/miert-varat-isten-arra-amire-a-legjobban-vagyunk\/#respond"]}]},{"@type":"WebPage","@id":"https:\/\/juditandzsoltsf.com\/miert-varat-isten-arra-amire-a-legjobban-vagyunk\/","url":"https:\/\/juditandzsoltsf.com\/miert-varat-isten-arra-amire-a-legjobban-vagyunk\/","name":"Mi\u00e9rt v\u00e1rat Isten arra, amire a legjobban v\u00e1gyunk?","isPartOf":{"@id":"https:\/\/juditandzsoltsf.com\/#website"},"primaryImageOfPage":{"@id":"https:\/\/juditandzsoltsf.com\/miert-varat-isten-arra-amire-a-legjobban-vagyunk\/#primaryimage"},"image":{"@id":"https:\/\/juditandzsoltsf.com\/miert-varat-isten-arra-amire-a-legjobban-vagyunk\/#primaryimage"},"thumbnailUrl":"https:\/\/i0.wp.com\/juditandzsoltsf.com\/wp-content\/uploads\/2026\/08\/F23F35E7-755E-4B7F-85BA-60636E23EF7A.jpeg?fit=1280%2C854&ssl=1","datePublished":"2026-08-19T18:01:38+00:00","dateModified":"2026-08-19T18:01:40+00:00","description":"Mi\u00e9rt engedi Isten a v\u00e1rakoz\u00e1st? Anna t\u00f6rt\u00e9net\u00e9n kereszt\u00fcl megtanulhatjuk, hogyan k\u00e9sz\u00edt fel Isten arra, amit m\u00e9g nem l\u00e1tunk.","breadcrumb":{"@id":"https:\/\/juditandzsoltsf.com\/miert-varat-isten-arra-amire-a-legjobban-vagyunk\/#breadcrumb"},"inLanguage":"en-US","potentialAction":[{"@type":"ReadAction","target":["https:\/\/juditandzsoltsf.com\/miert-varat-isten-arra-amire-a-legjobban-vagyunk\/"]}]},{"@type":"ImageObject","inLanguage":"en-US","@id":"https:\/\/juditandzsoltsf.com\/miert-varat-isten-arra-amire-a-legjobban-vagyunk\/#primaryimage","url":"https:\/\/i0.wp.com\/juditandzsoltsf.com\/wp-content\/uploads\/2026\/08\/F23F35E7-755E-4B7F-85BA-60636E23EF7A.jpeg?fit=1280%2C854&ssl=1","contentUrl":"https:\/\/i0.wp.com\/juditandzsoltsf.com\/wp-content\/uploads\/2026\/08\/F23F35E7-755E-4B7F-85BA-60636E23EF7A.jpeg?fit=1280%2C854&ssl=1","width":1280,"height":854},{"@type":"BreadcrumbList","@id":"https:\/\/juditandzsoltsf.com\/miert-varat-isten-arra-amire-a-legjobban-vagyunk\/#breadcrumb","itemListElement":[{"@type":"ListItem","position":1,"name":"Home","item":"https:\/\/juditandzsoltsf.com\/"},{"@type":"ListItem","position":2,"name":"Mi\u00e9rt v\u00e1rat Isten arra, amire a legjobban v\u00e1gyunk?"}]},{"@type":"WebSite","@id":"https:\/\/juditandzsoltsf.com\/#website","url":"https:\/\/juditandzsoltsf.com\/","name":"Judit&amp;ZsoltSF","description":"Blog","publisher":{"@id":"https:\/\/juditandzsoltsf.com\/#organization"},"potentialAction":[{"@type":"SearchAction","target":{"@type":"EntryPoint","urlTemplate":"https:\/\/juditandzsoltsf.com\/?s={search_term_string}"},"query-input":{"@type":"PropertyValueSpecification","valueRequired":true,"valueName":"search_term_string"}}],"inLanguage":"en-US"},{"@type":"Organization","@id":"https:\/\/juditandzsoltsf.com\/#organization","name":"Judit&amp;ZsoltSF","url":"https:\/\/juditandzsoltsf.com\/","logo":{"@type":"ImageObject","inLanguage":"en-US","@id":"https:\/\/juditandzsoltsf.com\/#\/schema\/logo\/image\/","url":"https:\/\/i0.wp.com\/juditandzsoltsf.com\/wp-content\/uploads\/2024\/10\/699J6M-LogoMakr.webp?fit=250%2C123&ssl=1","contentUrl":"https:\/\/i0.wp.com\/juditandzsoltsf.com\/wp-content\/uploads\/2024\/10\/699J6M-LogoMakr.webp?fit=250%2C123&ssl=1","width":250,"height":123,"caption":"Judit&amp;ZsoltSF"},"image":{"@id":"https:\/\/juditandzsoltsf.com\/#\/schema\/logo\/image\/"}},{"@type":"Person","@id":"https:\/\/juditandzsoltsf.com\/#\/schema\/person\/5982680a0bef03f4d516e857679823a9","name":"judit","image":{"@type":"ImageObject","inLanguage":"en-US","@id":"https:\/\/secure.gravatar.com\/avatar\/28a125569ec16b396eadd21bfb36ae05e3f2e50a6d124fc27f676024e03973b3?s=96&d=mm&r=g","url":"https:\/\/secure.gravatar.com\/avatar\/28a125569ec16b396eadd21bfb36ae05e3f2e50a6d124fc27f676024e03973b3?s=96&d=mm&r=g","contentUrl":"https:\/\/secure.gravatar.com\/avatar\/28a125569ec16b396eadd21bfb36ae05e3f2e50a6d124fc27f676024e03973b3?s=96&d=mm&r=g","caption":"judit"},"sameAs":["https:\/\/juditandzsoltsf.com"],"url":"https:\/\/juditandzsoltsf.com\/en\/author\/judit\/"}]}},"jetpack_sharing_enabled":true,"jetpack_featured_media_url":"https:\/\/i0.wp.com\/juditandzsoltsf.com\/wp-content\/uploads\/2026\/08\/F23F35E7-755E-4B7F-85BA-60636E23EF7A.jpeg?fit=1280%2C854&ssl=1","rttpg_featured_image_url":{"full":["https:\/\/i0.wp.com\/juditandzsoltsf.com\/wp-content\/uploads\/2026\/08\/F23F35E7-755E-4B7F-85BA-60636E23EF7A.jpeg?fit=1280%2C854&ssl=1",1280,854,false],"landscape":["https:\/\/juditandzsoltsf.com\/wp-content\/uploads\/2026\/08\/F23F35E7-755E-4B7F-85BA-60636E23EF7A.jpeg",1280,854,false],"portraits":["https:\/\/juditandzsoltsf.com\/wp-content\/uploads\/2026\/08\/F23F35E7-755E-4B7F-85BA-60636E23EF7A.jpeg",1280,854,false],"thumbnail":["https:\/\/i0.wp.com\/juditandzsoltsf.com\/wp-content\/uploads\/2026\/08\/F23F35E7-755E-4B7F-85BA-60636E23EF7A.jpeg?resize=150%2C150&ssl=1",150,150,true],"medium":["https:\/\/i0.wp.com\/juditandzsoltsf.com\/wp-content\/uploads\/2026\/08\/F23F35E7-755E-4B7F-85BA-60636E23EF7A.jpeg?fit=300%2C200&ssl=1",300,200,true],"large":["https:\/\/i0.wp.com\/juditandzsoltsf.com\/wp-content\/uploads\/2026\/08\/F23F35E7-755E-4B7F-85BA-60636E23EF7A.jpeg?fit=1024%2C683&ssl=1",1024,683,true],"1536x1536":["https:\/\/i0.wp.com\/juditandzsoltsf.com\/wp-content\/uploads\/2026\/08\/F23F35E7-755E-4B7F-85BA-60636E23EF7A.jpeg?fit=1280%2C854&ssl=1",1280,854,true],"2048x2048":["https:\/\/i0.wp.com\/juditandzsoltsf.com\/wp-content\/uploads\/2026\/08\/F23F35E7-755E-4B7F-85BA-60636E23EF7A.jpeg?fit=1280%2C854&ssl=1",1280,854,true],"trp-custom-language-flag":["https:\/\/i0.wp.com\/juditandzsoltsf.com\/wp-content\/uploads\/2026\/08\/F23F35E7-755E-4B7F-85BA-60636E23EF7A.jpeg?fit=18%2C12&ssl=1",18,12,true]},"rttpg_author":{"display_name":"judit","author_link":"https:\/\/juditandzsoltsf.com\/en\/author\/judit\/"},"rttpg_comment":0,"rttpg_category":"<a href=\"https:\/\/juditandzsoltsf.com\/en\/category\/egyeb\/\" rel=\"category tag\">Elm\u00e9lked\u00e9sek<\/a>","rttpg_excerpt":"1 S\u00e1muel 1 Van, amikor nem azt nem\u00e9rtj\u00fck, hogy Isten mi\u00e9rt nem ad valamit. Hanem azt, hogy mi\u00e9rt nem adja meg azt, amir\u0151l tudjuk, hogy j\u00f3. Mi\u00e9rt nem gy\u00f3gy\u00edt meg?Mi\u00e9rt nem j\u00f6n a gyermek?Mi\u00e9rt nem rendez\u0151dik a h\u00e1zass\u00e1g?Mi\u00e9rt nem kapom meg azt a munk\u00e1t, ami\u00e9rt annyit im\u00e1dkoztam?Mi\u00e9rt kell m\u00e9g mindig v\u00e1rnom? Az 1S\u00e1muel 1. fejezet\u00e9ben&hellip;","_links":{"self":[{"href":"https:\/\/juditandzsoltsf.com\/en\/wp-json\/wp\/v2\/posts\/6582","targetHints":{"allow":["GET"]}}],"collection":[{"href":"https:\/\/juditandzsoltsf.com\/en\/wp-json\/wp\/v2\/posts"}],"about":[{"href":"https:\/\/juditandzsoltsf.com\/en\/wp-json\/wp\/v2\/types\/post"}],"author":[{"embeddable":true,"href":"https:\/\/juditandzsoltsf.com\/en\/wp-json\/wp\/v2\/users\/1"}],"replies":[{"embeddable":true,"href":"https:\/\/juditandzsoltsf.com\/en\/wp-json\/wp\/v2\/comments?post=6582"}],"version-history":[{"count":10,"href":"https:\/\/juditandzsoltsf.com\/en\/wp-json\/wp\/v2\/posts\/6582\/revisions"}],"predecessor-version":[{"id":6659,"href":"https:\/\/juditandzsoltsf.com\/en\/wp-json\/wp\/v2\/posts\/6582\/revisions\/6659"}],"wp:featuredmedia":[{"embeddable":true,"href":"https:\/\/juditandzsoltsf.com\/en\/wp-json\/wp\/v2\/media\/6654"}],"wp:attachment":[{"href":"https:\/\/juditandzsoltsf.com\/en\/wp-json\/wp\/v2\/media?parent=6582"}],"wp:term":[{"taxonomy":"category","embeddable":true,"href":"https:\/\/juditandzsoltsf.com\/en\/wp-json\/wp\/v2\/categories?post=6582"},{"taxonomy":"post_tag","embeddable":true,"href":"https:\/\/juditandzsoltsf.com\/en\/wp-json\/wp\/v2\/tags?post=6582"}],"curies":[{"name":"wp","href":"https:\/\/api.w.org\/{rel}","templated":true}]}}