{"id":6556,"date":"2026-08-15T15:18:40","date_gmt":"2026-08-15T13:18:40","guid":{"rendered":"https:\/\/juditandzsoltsf.com\/?p=6556"},"modified":"2026-08-15T15:33:33","modified_gmt":"2026-08-15T13:33:33","slug":"a-magany-jarvanya","status":"publish","type":"post","link":"https:\/\/juditandzsoltsf.com\/en\/a-magany-jarvanya\/","title":{"rendered":"A mag\u00e1ny j\u00e1rv\u00e1nya"},"content":{"rendered":"<div data-elementor-type=\"wp-post\" data-elementor-id=\"6556\" class=\"elementor elementor-6556\">\n\t\t\t\t<div class=\"elementor-element elementor-element-94427b3 e-con e-atomic-element e-flexbox-base e-89ef81b\" data-id=\"94427b3\" data-element_type=\"e-flexbox\" data-e-type=\"e-flexbox\" data-interaction-id=\"94427b3\">\n    \t\t<div class=\"elementor-element elementor-element-da50239 elementor-widget elementor-widget-text-editor\" data-id=\"da50239\" data-element_type=\"widget\" data-e-type=\"widget\" data-widget_type=\"text-editor.default\">\n\t\t\t\t<div class=\"elementor-widget-container\">\n\t\t\t\t\t\t\t\t\t<p>Soha nem volt m\u00e9g ennyire egyszer\u0171 kapcsolatba l\u00e9pni egym\u00e1ssal. Egyetlen \u00fczenettel el\u00e9rhet\u00fcnk valakit a vil\u00e1g m\u00e1sik fel\u00e9n. L\u00e1thatjuk ismer\u0151seink f\u00e9nyk\u00e9peit, k\u00f6vethetj\u00fck az \u00e9let\u00fcket, besz\u00e9lgethet\u00fcnk vide\u00f3h\u00edv\u00e1son kereszt\u00fcl, \u00e9s n\u00e9h\u00e1ny m\u00e1sodperc alatt kapcsolatba ker\u00fclhet\u00fcnk szinte b\u00e1rkivel. M\u00e9gis egyre t\u00f6bb ember vallja be \u0151szint\u00e9n, hogy mag\u00e1nyos.<\/p>\t\t\t\t\t\t\t\t<\/div>\n\t\t\t\t<\/div>\n\t\t\n<\/div>\n<div class=\"elementor-element elementor-element-b9ebf82 e-con e-atomic-element e-flexbox-base e-ce754d4\" data-id=\"b9ebf82\" data-element_type=\"e-flexbox\" data-e-type=\"e-flexbox\" data-interaction-id=\"b9ebf82\">\n    \t\t<div class=\"elementor-element elementor-element-1415ada elementor-widget elementor-widget-text-editor\" data-id=\"1415ada\" data-element_type=\"widget\" data-e-type=\"widget\" data-widget_type=\"text-editor.default\">\n\t\t\t\t<div class=\"elementor-widget-container\">\n\t\t\t\t\t\t\t\t\t<p>Furcsa ellentmond\u00e1s ez. Egy olyan korban \u00e9l\u00fcnk, amikor t\u00f6bb kapcsolat vesz k\u00f6r\u00fcl benn\u00fcnket, mint valaha, m\u00e9gis sokan \u00e9rzik \u00fagy, hogy val\u00f3j\u00e1ban senki sem ismeri \u0151ket igaz\u00e1n. Vannak besz\u00e9lget\u00e9sek, de kev\u00e9s a meg\u00e9rt\u00e9s. Vannak k\u00f6vet\u0151k, de kev\u00e9s az igazi bar\u00e1t. Vannak emberek k\u00f6r\u00fcl\u00f6tt\u00fcnk, m\u00e9gis gyakran ott marad a sz\u00edv\u00fcnkben az \u00fcress\u00e9g \u00e9rz\u00e9se.<\/p>\t\t\t\t\t\t\t\t<\/div>\n\t\t\t\t<\/div>\n\t\t\n<\/div>\n<div class=\"elementor-element elementor-element-012029a e-con e-atomic-element e-flexbox-base e-315ef92\" data-id=\"012029a\" data-element_type=\"e-flexbox\" data-e-type=\"e-flexbox\" data-interaction-id=\"012029a\">\n    <div class=\"elementor-element elementor-element-80d76c4 e-flex e-con-boxed e-con e-parent\" data-id=\"80d76c4\" data-element_type=\"container\" data-e-type=\"container\">\n\t\t\t\t\t<div class=\"e-con-inner\">\n\t\t\t\t<div class=\"elementor-element elementor-element-c4f18b5 elementor-widget elementor-widget-heading\" data-id=\"c4f18b5\" data-element_type=\"widget\" data-e-type=\"widget\" data-widget_type=\"heading.default\">\n\t\t\t\t<div class=\"elementor-widget-container\">\n\t\t\t\t\t<h2 class=\"elementor-heading-title elementor-size-default\">Lehet, hogy valaki mosolyog melletted, mik\u00f6zben bel\u00fcl \u00e9ppen a mag\u00e1nnyal k\u00fczd.<\/h2>\t\t\t\t<\/div>\n\t\t\t\t<\/div>\n\t\t\t\t\t<\/div>\n\t\t\t\t<\/div>\n\t\t\n<\/div>\n<div class=\"elementor-element elementor-element-8d3e63c e-con e-atomic-element e-flexbox-base e-7950249\" data-id=\"8d3e63c\" data-element_type=\"e-flexbox\" data-e-type=\"e-flexbox\" data-interaction-id=\"8d3e63c\">\n    \t\t<div class=\"elementor-element elementor-element-7ba3dbb elementor-widget elementor-widget-text-editor\" data-id=\"7ba3dbb\" data-element_type=\"widget\" data-e-type=\"widget\" data-widget_type=\"text-editor.default\">\n\t\t\t\t<div class=\"elementor-widget-container\">\n\t\t\t\t\t\t\t\t\t<p>A Biblia egyik els\u0151 kijelent\u00e9se az emberr\u0151l \u00edgy hangzik:<\/p>\t\t\t\t\t\t\t\t<\/div>\n\t\t\t\t<\/div>\n\t\t\n<\/div>\n<div class=\"elementor-element elementor-element-7843185 e-con e-atomic-element e-flexbox-base e-ea9a983\" data-id=\"7843185\" data-element_type=\"e-flexbox\" data-e-type=\"e-flexbox\" data-interaction-id=\"7843185\">\n    \t\t<div class=\"elementor-element elementor-element-fd452f5 elementor-widget elementor-widget-text-editor\" data-id=\"fd452f5\" data-element_type=\"widget\" data-e-type=\"widget\" data-widget_type=\"text-editor.default\">\n\t\t\t\t<div class=\"elementor-widget-container\">\n\t\t\t\t\t\t\t\t\t<blockquote><p>&#8220;Nem j\u00f3 az embernek egyed\u00fcl lenni.&#8221; 1M\u00f3zes 2:18 R\u00daF<\/p><\/blockquote>\t\t\t\t\t\t\t\t<\/div>\n\t\t\t\t<\/div>\n\t\t\n<\/div>\n<div class=\"elementor-element elementor-element-c8fede3 e-con e-atomic-element e-flexbox-base e-7fd6459\" data-id=\"c8fede3\" data-element_type=\"e-flexbox\" data-e-type=\"e-flexbox\" data-interaction-id=\"c8fede3\">\n    \t\t<div class=\"elementor-element elementor-element-3ad3aba elementor-widget elementor-widget-text-editor\" data-id=\"3ad3aba\" data-element_type=\"widget\" data-e-type=\"widget\" data-widget_type=\"text-editor.default\">\n\t\t\t\t<div class=\"elementor-widget-container\">\n\t\t\t\t\t\t\t\t\t<p>\u00c9rdemes megfigyelni, hogy ezt Isten m\u00e9g a b\u0171neset el\u0151tt mondta ki. Amikor m\u00e9g minden t\u00f6k\u00e9letes volt. Az ember m\u00e1r akkor sem arra lett teremtve, hogy egyed\u00fcl \u00e9ljen. Isten k\u00f6z\u00f6ss\u00e9gre alkotott benn\u00fcnket: Vele \u00e9s egym\u00e1ssal val\u00f3 kapcsolatra. Tal\u00e1n ez\u00e9rt f\u00e1j annyira a mag\u00e1ny. Nem az\u00e9rt, mert gyeng\u00e9k vagyunk, hanem mert nem \u00edgy lett\u00fcnk megalkotva.<\/p>\t\t\t\t\t\t\t\t<\/div>\n\t\t\t\t<\/div>\n\t\t\n<\/div>\n<div class=\"elementor-element elementor-element-bbd8503 e-con e-atomic-element e-flexbox-base e-b753c5c\" data-id=\"bbd8503\" data-element_type=\"e-flexbox\" data-e-type=\"e-flexbox\" data-interaction-id=\"bbd8503\">\n    \t\t<div class=\"elementor-element elementor-element-ee49f1a elementor-widget elementor-widget-text-editor\" data-id=\"ee49f1a\" data-element_type=\"widget\" data-e-type=\"widget\" data-widget_type=\"text-editor.default\">\n\t\t\t\t<div class=\"elementor-widget-container\">\n\t\t\t\t\t\t\t\t\t<p>J\u00e9zus f\u00f6ldi szolg\u00e1lata sor\u00e1n sem mag\u00e1nyos \u00e9letet \u00e9lt. Tan\u00edtv\u00e1nyokat h\u00edvott maga mell\u00e9. Egy\u00fctt j\u00e1rtak, egy\u00fctt \u00e9tkeztek, egy\u00fctt szolg\u00e1ltak. A kereszt fel\u00e9 vezet\u0151 \u00faton is ott voltak k\u00f6r\u00fcl\u00f6tte azok, akiket szeretett. \u00c9s m\u00e9gis, a kereszten elhangzott egy megrend\u00edt\u0151 mondat:<\/p>\t\t\t\t\t\t\t\t<\/div>\n\t\t\t\t<\/div>\n\t\t\n<\/div>\n<div class=\"elementor-element elementor-element-f3caaec e-con e-atomic-element e-flexbox-base e-84b80bf\" data-id=\"f3caaec\" data-element_type=\"e-flexbox\" data-e-type=\"e-flexbox\" data-interaction-id=\"f3caaec\">\n    \t\t<div class=\"elementor-element elementor-element-a3f692d elementor-widget elementor-widget-text-editor\" data-id=\"a3f692d\" data-element_type=\"widget\" data-e-type=\"widget\" data-widget_type=\"text-editor.default\">\n\t\t\t\t<div class=\"elementor-widget-container\">\n\t\t\t\t\t\t\t\t\t<blockquote><p>\u201e\u00c9n Istenem, \u00e9n Istenem, mi\u00e9rt hagyt\u00e1l el engem?\u201d M\u00e1t\u00e9 27:46 R\u00daF<\/p><\/blockquote>\t\t\t\t\t\t\t\t<\/div>\n\t\t\t\t<\/div>\n\t\t\n<\/div>\n<div class=\"elementor-element elementor-element-72055e6 e-flex e-con-boxed e-con e-parent\" data-id=\"72055e6\" data-element_type=\"container\" data-e-type=\"container\">\n\t\t\t\t\t<div class=\"e-con-inner\">\n\t\t\t\t<div class=\"elementor-element elementor-element-42d1f41 elementor-widget elementor-widget-heading\" data-id=\"42d1f41\" data-element_type=\"widget\" data-e-type=\"widget\" data-widget_type=\"heading.default\">\n\t\t\t\t<div class=\"elementor-widget-container\">\n\t\t\t\t\t<h2 class=\"elementor-heading-title elementor-size-default\">A mag\u00e1ny nem mindig azt jelenti, hogy nincs mellett\u00fcnk senki. N\u00e9ha azt jelenti, hogy nincs kivel megosztanunk, ami benn\u00fcnk van.<\/h2>\t\t\t\t<\/div>\n\t\t\t\t<\/div>\n\t\t\t\t\t<\/div>\n\t\t\t\t<\/div>\n\t\t<div class=\"elementor-element elementor-element-0544962 e-con e-atomic-element e-flexbox-base e-5007d3f\" data-id=\"0544962\" data-element_type=\"e-flexbox\" data-e-type=\"e-flexbox\" data-interaction-id=\"0544962\">\n    \t\t<div class=\"elementor-element elementor-element-6b16535 elementor-widget elementor-widget-text-editor\" data-id=\"6b16535\" data-element_type=\"widget\" data-e-type=\"widget\" data-widget_type=\"text-editor.default\">\n\t\t\t\t<div class=\"elementor-widget-container\">\n\t\t\t\t\t\t\t\t\t<p>J\u00e9zus ismerte az elhagyatotts\u00e1g f\u00e1jdalm\u00e1t. Tudja, mit jelent egyed\u00fcl lenni. Tudja, milyen \u00e9rz\u00e9s, amikor az ember \u00fagy \u00e9rzi, senki sem \u00e9rti meg igaz\u00e1n. \u00c9ppen ez\u00e9rt tud egy\u00fctt\u00e9rezni vel\u00fcnk a mag\u00e1nyunkban.<\/p>\t\t\t\t\t\t\t\t<\/div>\n\t\t\t\t<\/div>\n\t\t\n<\/div>\n<div class=\"elementor-element elementor-element-d4d1f02 e-con e-atomic-element e-flexbox-base e-c4385b7\" data-id=\"d4d1f02\" data-element_type=\"e-flexbox\" data-e-type=\"e-flexbox\" data-interaction-id=\"d4d1f02\">\n    \t\t<div class=\"elementor-element elementor-element-b5de556 elementor-widget elementor-widget-text-editor\" data-id=\"b5de556\" data-element_type=\"widget\" data-e-type=\"widget\" data-widget_type=\"text-editor.default\">\n\t\t\t\t<div class=\"elementor-widget-container\">\n\t\t\t\t\t\t\t\t\t<p>A Zsolt\u00e1rok k\u00f6nyv\u00e9ben ezt olvassuk:<\/p>\t\t\t\t\t\t\t\t<\/div>\n\t\t\t\t<\/div>\n\t\t\n<\/div>\n<div class=\"elementor-element elementor-element-5d28d2c e-con e-atomic-element e-flexbox-base e-fcbec23\" data-id=\"5d28d2c\" data-element_type=\"e-flexbox\" data-e-type=\"e-flexbox\" data-interaction-id=\"5d28d2c\">\n    \t\t<div class=\"elementor-element elementor-element-096855c elementor-widget elementor-widget-text-editor\" data-id=\"096855c\" data-element_type=\"widget\" data-e-type=\"widget\" data-widget_type=\"text-editor.default\">\n\t\t\t\t<div class=\"elementor-widget-container\">\n\t\t\t\t\t\t\t\t\t<blockquote><p>\u201eHa ap\u00e1m, any\u00e1m elhagyna is, az \u00dar mag\u00e1hoz fogad engem.&#8221; Zsolt\u00e1rok 27:10 R\u00daF<\/p><\/blockquote>\t\t\t\t\t\t\t\t<\/div>\n\t\t\t\t<\/div>\n\t\t\n<\/div>\n<div class=\"elementor-element elementor-element-4c3f70f e-con e-atomic-element e-flexbox-base e-b5514be\" data-id=\"4c3f70f\" data-element_type=\"e-flexbox\" data-e-type=\"e-flexbox\" data-interaction-id=\"4c3f70f\">\n    \t\t<div class=\"elementor-element elementor-element-f6e231c elementor-widget elementor-widget-text-editor\" data-id=\"f6e231c\" data-element_type=\"widget\" data-e-type=\"widget\" data-widget_type=\"text-editor.default\">\n\t\t\t\t<div class=\"elementor-widget-container\">\n\t\t\t\t\t\t\t\t\t<p>Milyen k\u00fcl\u00f6n\u00f6s vigasztal\u00e1s ez. Az emberi kapcsolatok fontosak, de nem t\u00f6k\u00e9letesek. M\u00e9g a legk\u00f6zelebbi emberek sem tudnak mindig mellett\u00fcnk lenni. Vannak helyzetek, amelyeket senki sem \u00e9rt meg teljesen. Vannak k\u00f6nnyek, amelyeket m\u00e1sok nem l\u00e1tnak. Vannak harcok, amelyeket egyed\u00fcl v\u00edvunk meg. Isten azonban soha nem fordul el azokt\u00f3l, akik Hozz\u00e1 ki\u00e1ltanak.<\/p>\t\t\t\t\t\t\t\t<\/div>\n\t\t\t\t<\/div>\n\t\t\n<\/div>\n<div class=\"elementor-element elementor-element-ebd4d7d e-con e-atomic-element e-flexbox-base e-d4bb879\" data-id=\"ebd4d7d\" data-element_type=\"e-flexbox\" data-e-type=\"e-flexbox\" data-interaction-id=\"ebd4d7d\">\n    \t\t<div class=\"elementor-element elementor-element-098c485 elementor-widget elementor-widget-text-editor\" data-id=\"098c485\" data-element_type=\"widget\" data-e-type=\"widget\" data-widget_type=\"text-editor.default\">\n\t\t\t\t<div class=\"elementor-widget-container\">\n\t\t\t\t\t\t\t\t\t<p>A Zsid\u00f3khoz \u00edrt lev\u00e9lben ezt az \u00edg\u00e9retet tal\u00e1ljuk:<\/p>\t\t\t\t\t\t\t\t<\/div>\n\t\t\t\t<\/div>\n\t\t\n<\/div>\n<div class=\"elementor-element elementor-element-37254b7 e-con e-atomic-element e-flexbox-base e-49d2cf4\" data-id=\"37254b7\" data-element_type=\"e-flexbox\" data-e-type=\"e-flexbox\" data-interaction-id=\"37254b7\">\n    \t\t<div class=\"elementor-element elementor-element-814eaf8 elementor-widget elementor-widget-text-editor\" data-id=\"814eaf8\" data-element_type=\"widget\" data-e-type=\"widget\" data-widget_type=\"text-editor.default\">\n\t\t\t\t<div class=\"elementor-widget-container\">\n\t\t\t\t\t\t\t\t\t<blockquote><p>\u201eNem hagylak el, sem el nem t\u00e1vozom t\u0151led.\u201d Zsid\u00f3k 13:5 HUNK<\/p><\/blockquote>\t\t\t\t\t\t\t\t<\/div>\n\t\t\t\t<\/div>\n\t\t\n<\/div>\n<div class=\"elementor-element elementor-element-2af04e3 e-flex e-con-boxed e-con e-parent\" data-id=\"2af04e3\" data-element_type=\"container\" data-e-type=\"container\">\n\t\t\t\t\t<div class=\"e-con-inner\">\n\t\t\t\t<div class=\"elementor-element elementor-element-81a2e6f elementor-widget elementor-widget-heading\" data-id=\"81a2e6f\" data-element_type=\"widget\" data-e-type=\"widget\" data-widget_type=\"heading.default\">\n\t\t\t\t<div class=\"elementor-widget-container\">\n\t\t\t\t\t<h2 class=\"elementor-heading-title elementor-size-default\">Isten nem arra teremtett benn\u00fcnket, hogy egyed\u00fcl hordozzuk az \u00e9let terheit.<\/h2>\t\t\t\t<\/div>\n\t\t\t\t<\/div>\n\t\t\t\t\t<\/div>\n\t\t\t\t<\/div>\n\t\t<div class=\"elementor-element elementor-element-e4b418c e-con e-atomic-element e-flexbox-base e-47908b7\" data-id=\"e4b418c\" data-element_type=\"e-flexbox\" data-e-type=\"e-flexbox\" data-interaction-id=\"e4b418c\">\n    \t\t<div class=\"elementor-element elementor-element-e65eb9b elementor-widget elementor-widget-text-editor\" data-id=\"e65eb9b\" data-element_type=\"widget\" data-e-type=\"widget\" data-widget_type=\"text-editor.default\">\n\t\t\t\t<div class=\"elementor-widget-container\">\n\t\t\t\t\t\t\t\t\t<p>A vil\u00e1g gyakran azt sugallja, hogy a mag\u00e1ny megold\u00e1sa az, ha m\u00e9g t\u00f6bb embert gy\u0171jt\u00fcnk magunk k\u00f6r\u00e9. N\u00e9ha val\u00f3ban sz\u00fcks\u00e9g van \u00faj kapcsolatokra, nyitotts\u00e1gra \u00e9s k\u00f6z\u00f6ss\u00e9gre. De a legm\u00e9lyebb \u00fcress\u00e9get nem egy \u00fajabb ismerets\u00e9g t\u00f6lti be, hanem Isten jelenl\u00e9te. Sokan tapasztalt\u00e1k m\u00e1r, hogy lehetnek egyed\u00fcl egy szob\u00e1ban, m\u00e9gis b\u00e9kess\u00e9gben. \u00c9s azt is, hogy lehetnek egy zs\u00fafolt t\u00e1rsas\u00e1g k\u00f6zep\u00e9n, m\u00e9gis mag\u00e1nyosan. A k\u00fcl\u00f6nbs\u00e9get nem mindig az emberek sz\u00e1ma jelenti, hanem az, hogy ott van-e vel\u00fcnk az \u00dar.<\/p>\t\t\t\t\t\t\t\t<\/div>\n\t\t\t\t<\/div>\n\t\t\n<\/div>\n<div class=\"elementor-element elementor-element-eaa09ab e-con e-atomic-element e-flexbox-base e-4085f32\" data-id=\"eaa09ab\" data-element_type=\"e-flexbox\" data-e-type=\"e-flexbox\" data-interaction-id=\"eaa09ab\">\n    \t\t<div class=\"elementor-element elementor-element-602facc elementor-widget elementor-widget-text-editor\" data-id=\"602facc\" data-element_type=\"widget\" data-e-type=\"widget\" data-widget_type=\"text-editor.default\">\n\t\t\t\t<div class=\"elementor-widget-container\">\n\t\t\t\t\t\t\t\t\t<p>D\u00e1vid ezt \u00edrja:<\/p>\t\t\t\t\t\t\t\t<\/div>\n\t\t\t\t<\/div>\n\t\t\n<\/div>\n<div class=\"elementor-element elementor-element-1a9e3cd e-con e-atomic-element e-flexbox-base e-0bd4385\" data-id=\"1a9e3cd\" data-element_type=\"e-flexbox\" data-e-type=\"e-flexbox\" data-interaction-id=\"1a9e3cd\">\n    \t\t<div class=\"elementor-element elementor-element-89880c1 elementor-widget elementor-widget-text-editor\" data-id=\"89880c1\" data-element_type=\"widget\" data-e-type=\"widget\" data-widget_type=\"text-editor.default\">\n\t\t\t\t<div class=\"elementor-widget-container\">\n\t\t\t\t\t\t\t\t\t<blockquote><p>\u201eHa a hal\u00e1l \u00e1rny\u00e9k\u00e1nak v\u00f6lgy\u00e9ben j\u00e1rok is, nem f\u00e9lek a bajt\u00f3l, mert te velem vagy.\u201d Zsolt\u00e1rok 23:4 R\u00daF<\/p><\/blockquote>\t\t\t\t\t\t\t\t<\/div>\n\t\t\t\t<\/div>\n\t\t\n<\/div>\n<div class=\"elementor-element elementor-element-5a193e2 e-con e-atomic-element e-flexbox-base e-4379fcd\" data-id=\"5a193e2\" data-element_type=\"e-flexbox\" data-e-type=\"e-flexbox\" data-interaction-id=\"5a193e2\">\n    \t\t<div class=\"elementor-element elementor-element-ae4a04b elementor-widget elementor-widget-text-editor\" data-id=\"ae4a04b\" data-element_type=\"widget\" data-e-type=\"widget\" data-widget_type=\"text-editor.default\">\n\t\t\t\t<div class=\"elementor-widget-container\">\n\t\t\t\t\t\t\t\t\t<p>Nem azt mondja, hogy nem lesz s\u00f6t\u00e9t v\u00f6lgy. Nem azt mondja, hogy nem lesznek neh\u00e9z id\u0151szakok. Hanem azt, hogy nem egyed\u00fcl megy kereszt\u00fcl rajtuk.<\/p>\t\t\t\t\t\t\t\t<\/div>\n\t\t\t\t<\/div>\n\t\t\n<\/div>\n<div class=\"elementor-element elementor-element-35b0b34 e-con e-atomic-element e-flexbox-base e-15c5041\" data-id=\"35b0b34\" data-element_type=\"e-flexbox\" data-e-type=\"e-flexbox\" data-interaction-id=\"35b0b34\">\n    \t\t<div class=\"elementor-element elementor-element-47b9269 elementor-widget elementor-widget-text-editor\" data-id=\"47b9269\" data-element_type=\"widget\" data-e-type=\"widget\" data-widget_type=\"text-editor.default\">\n\t\t\t\t<div class=\"elementor-widget-container\">\n\t\t\t\t\t\t\t\t\t<p>A mag\u00e1ny val\u00f3s\u00e1gos f\u00e1jdalom, amelyet sokkal t\u00f6bb ember hordoz, mint gondoln\u00e1nk. Nem sz\u00e9gyen bevallani, hogy sz\u00fcks\u00e9g\u00fcnk van kapcsolatokra, mert Isten \u00edgy teremtett benn\u00fcnket. Ugyanakkor a legm\u00e9lyebb vigasztal\u00e1st nem emberekben, hanem Istenben tal\u00e1lhatjuk meg. \u0150 az, aki akkor is vel\u00fcnk marad, amikor m\u00e1sok nem tudnak mellett\u00fcnk lenni. \u00c9s amikor ezt felismerj\u00fck, r\u00e1j\u00f6v\u00fcnk, hogy b\u00e1r n\u00e9ha mag\u00e1nyosnak \u00e9rezhetj\u00fck magunkat, val\u00f3j\u00e1ban soha nem vagyunk egyed\u00fcl.<\/p>\t\t\t\t\t\t\t\t<\/div>\n\t\t\t\t<\/div>\n\t\t\n<\/div>\n<div class=\"elementor-element elementor-element-0391115 e-con e-atomic-element e-flexbox-base e-b8bc72d\" data-id=\"0391115\" data-element_type=\"e-flexbox\" data-e-type=\"e-flexbox\" data-interaction-id=\"0391115\">\n    \t\t<div class=\"elementor-element elementor-element-454c9e0 elementor-widget elementor-widget-heading\" data-id=\"454c9e0\" data-element_type=\"widget\" data-e-type=\"widget\" data-widget_type=\"heading.default\">\n\t\t\t\t<div class=\"elementor-widget-container\">\n\t\t\t\t\t<h5 class=\"elementor-heading-title elementor-size-default\">Judit<\/h5>\t\t\t\t<\/div>\n\t\t\t\t<\/div>\n\t\t\n<\/div>\n\t\t<\/div>","protected":false},"excerpt":{"rendered":"<p>Soha nem volt m\u00e9g ennyire egyszer\u0171 kapcsolatba l\u00e9pni egym\u00e1ssal. Egyetlen \u00fczenettel el\u00e9rhet\u00fcnk valakit a vil\u00e1g m\u00e1sik fel\u00e9n. L\u00e1thatjuk ismer\u0151seink f\u00e9nyk\u00e9peit, k\u00f6vethetj\u00fck az \u00e9let\u00fcket, besz\u00e9lgethet\u00fcnk vide\u00f3h\u00edv\u00e1son kereszt\u00fcl, \u00e9s n\u00e9h\u00e1ny m\u00e1sodperc alatt kapcsolatba ker\u00fclhet\u00fcnk szinte b\u00e1rkivel. M\u00e9gis egyre t\u00f6bb ember vallja be \u0151szint\u00e9n, hogy mag\u00e1nyos. Furcsa ellentmond\u00e1s ez. Egy olyan korban \u00e9l\u00fcnk, amikor t\u00f6bb kapcsolat vesz k\u00f6r\u00fcl [&hellip;]<\/p>\n","protected":false},"author":1,"featured_media":6558,"comment_status":"open","ping_status":"open","sticky":false,"template":"","format":"standard","meta":{"nf_dc_page":"","site-sidebar-layout":"default","site-content-layout":"","ast-site-content-layout":"default","site-content-style":"default","site-sidebar-style":"default","ast-global-header-display":"","ast-banner-title-visibility":"","ast-main-header-display":"","ast-hfb-above-header-display":"","ast-hfb-below-header-display":"","ast-hfb-mobile-header-display":"","site-post-title":"","ast-breadcrumbs-content":"","ast-featured-img":"","footer-sml-layout":"","ast-disable-related-posts":"","theme-transparent-header-meta":"","adv-header-id-meta":"","stick-header-meta":"","header-above-stick-meta":"","header-main-stick-meta":"","header-below-stick-meta":"","astra-migrate-meta-layouts":"set","ast-page-background-enabled":"default","ast-page-background-meta":{"desktop":{"background-color":"var(--ast-global-color-4)","background-image":"","background-repeat":"repeat","background-position":"center center","background-size":"auto","background-attachment":"scroll","background-type":"","background-media":"","overlay-type":"","overlay-color":"","overlay-opacity":"","overlay-gradient":""},"tablet":{"background-color":"","background-image":"","background-repeat":"repeat","background-position":"center center","background-size":"auto","background-attachment":"scroll","background-type":"","background-media":"","overlay-type":"","overlay-color":"","overlay-opacity":"","overlay-gradient":""},"mobile":{"background-color":"","background-image":"","background-repeat":"repeat","background-position":"center center","background-size":"auto","background-attachment":"scroll","background-type":"","background-media":"","overlay-type":"","overlay-color":"","overlay-opacity":"","overlay-gradient":""}},"ast-content-background-meta":{"desktop":{"background-color":"var(--ast-global-color-5)","background-image":"","background-repeat":"repeat","background-position":"center center","background-size":"auto","background-attachment":"scroll","background-type":"","background-media":"","overlay-type":"","overlay-color":"","overlay-opacity":"","overlay-gradient":""},"tablet":{"background-color":"var(--ast-global-color-5)","background-image":"","background-repeat":"repeat","background-position":"center center","background-size":"auto","background-attachment":"scroll","background-type":"","background-media":"","overlay-type":"","overlay-color":"","overlay-opacity":"","overlay-gradient":""},"mobile":{"background-color":"var(--ast-global-color-5)","background-image":"","background-repeat":"repeat","background-position":"center center","background-size":"auto","background-attachment":"scroll","background-type":"","background-media":"","overlay-type":"","overlay-color":"","overlay-opacity":"","overlay-gradient":""}},"_jetpack_newsletter_access":"","_jetpack_dont_email_post_to_subs":false,"_jetpack_newsletter_tier_id":0,"_jetpack_memberships_contains_paywalled_content":false,"_jetpack_memberships_contains_paid_content":false,"footnotes":""},"categories":[1],"tags":[123,121,122,120],"class_list":["post-6556","post","type-post","status-publish","format-standard","has-post-thumbnail","hentry","category-egyeb","tag-egyedul","tag-kapcsolat","tag-kozosseg","tag-magany"],"yoast_head":"<!-- This site is optimized with the Yoast SEO plugin v28.4 - https:\/\/yoast.com\/product\/yoast-seo-wordpress\/ -->\n<title>A mag\u00e1ny j\u00e1rv\u00e1nya \u2013 Mit mond a Biblia a mag\u00e1nyr\u00f3l?<\/title>\n<meta name=\"description\" content=\"Egyre t\u00f6bben \u00e9rzik magukat mag\u00e1nyosnak. Mit mond a Biblia a mag\u00e1nyr\u00f3l, \u00e9s hogyan tal\u00e1lhatunk val\u00f3di kapcsolatot \u00e9s k\u00f6z\u00f6ss\u00e9get?\" \/>\n<meta name=\"robots\" content=\"index, follow, max-snippet:-1, max-image-preview:large, max-video-preview:-1\" \/>\n<link rel=\"canonical\" href=\"https:\/\/juditandzsoltsf.com\/en\/a-magany-jarvanya\/\" \/>\n<meta property=\"og:locale\" content=\"en_US\" \/>\n<meta property=\"og:type\" content=\"article\" \/>\n<meta property=\"og:title\" content=\"A mag\u00e1ny j\u00e1rv\u00e1nya \u2013 Mit mond a Biblia a mag\u00e1nyr\u00f3l?\" \/>\n<meta property=\"og:description\" content=\"Egyre t\u00f6bben \u00e9rzik magukat mag\u00e1nyosnak. Mit mond a Biblia a mag\u00e1nyr\u00f3l, \u00e9s hogyan tal\u00e1lhatunk val\u00f3di kapcsolatot \u00e9s k\u00f6z\u00f6ss\u00e9get?\" \/>\n<meta property=\"og:url\" content=\"https:\/\/juditandzsoltsf.com\/en\/a-magany-jarvanya\/\" \/>\n<meta property=\"og:site_name\" content=\"Judit&amp;ZsoltSF\" \/>\n<meta property=\"article:published_time\" content=\"2026-08-15T13:18:40+00:00\" \/>\n<meta property=\"article:modified_time\" content=\"2026-08-15T13:33:33+00:00\" \/>\n<meta property=\"og:image\" content=\"https:\/\/juditandzsoltsf.com\/wp-content\/uploads\/2026\/08\/Kep-10.jpeg\" \/>\n\t<meta property=\"og:image:width\" content=\"1280\" \/>\n\t<meta property=\"og:image:height\" content=\"854\" \/>\n\t<meta property=\"og:image:type\" content=\"image\/jpeg\" \/>\n<meta name=\"author\" content=\"judit\" \/>\n<meta name=\"twitter:card\" content=\"summary_large_image\" \/>\n<meta name=\"twitter:label1\" content=\"Written by\" \/>\n\t<meta name=\"twitter:data1\" content=\"judit\" \/>\n\t<meta name=\"twitter:label2\" content=\"Est. reading time\" \/>\n\t<meta name=\"twitter:data2\" content=\"3 minutes\" \/>\n<script type=\"application\/ld+json\" class=\"yoast-schema-graph\">{\"@context\":\"https:\\\/\\\/schema.org\",\"@graph\":[{\"@type\":\"Article\",\"@id\":\"https:\\\/\\\/juditandzsoltsf.com\\\/a-magany-jarvanya\\\/#article\",\"isPartOf\":{\"@id\":\"https:\\\/\\\/juditandzsoltsf.com\\\/a-magany-jarvanya\\\/\"},\"author\":{\"name\":\"judit\",\"@id\":\"https:\\\/\\\/juditandzsoltsf.com\\\/#\\\/schema\\\/person\\\/5982680a0bef03f4d516e857679823a9\"},\"headline\":\"A mag\u00e1ny j\u00e1rv\u00e1nya\",\"datePublished\":\"2026-08-15T13:18:40+00:00\",\"dateModified\":\"2026-08-15T13:33:33+00:00\",\"mainEntityOfPage\":{\"@id\":\"https:\\\/\\\/juditandzsoltsf.com\\\/a-magany-jarvanya\\\/\"},\"wordCount\":802,\"commentCount\":0,\"publisher\":{\"@id\":\"https:\\\/\\\/juditandzsoltsf.com\\\/#organization\"},\"image\":{\"@id\":\"https:\\\/\\\/juditandzsoltsf.com\\\/a-magany-jarvanya\\\/#primaryimage\"},\"thumbnailUrl\":\"https:\\\/\\\/i0.wp.com\\\/juditandzsoltsf.com\\\/wp-content\\\/uploads\\\/2026\\\/08\\\/Kep-10.jpeg?fit=1280%2C854&ssl=1\",\"keywords\":[\"egyed\u00fcl\",\"kapcsolat\",\"k\u00f6z\u00f6ss\u00e9g\",\"mag\u00e1ny\"],\"articleSection\":[\"Elm\u00e9lked\u00e9sek\"],\"inLanguage\":\"en-US\",\"potentialAction\":[{\"@type\":\"CommentAction\",\"name\":\"Comment\",\"target\":[\"https:\\\/\\\/juditandzsoltsf.com\\\/a-magany-jarvanya\\\/#respond\"]}]},{\"@type\":\"WebPage\",\"@id\":\"https:\\\/\\\/juditandzsoltsf.com\\\/a-magany-jarvanya\\\/\",\"url\":\"https:\\\/\\\/juditandzsoltsf.com\\\/a-magany-jarvanya\\\/\",\"name\":\"A mag\u00e1ny j\u00e1rv\u00e1nya \u2013 Mit mond a Biblia a mag\u00e1nyr\u00f3l?\",\"isPartOf\":{\"@id\":\"https:\\\/\\\/juditandzsoltsf.com\\\/#website\"},\"primaryImageOfPage\":{\"@id\":\"https:\\\/\\\/juditandzsoltsf.com\\\/a-magany-jarvanya\\\/#primaryimage\"},\"image\":{\"@id\":\"https:\\\/\\\/juditandzsoltsf.com\\\/a-magany-jarvanya\\\/#primaryimage\"},\"thumbnailUrl\":\"https:\\\/\\\/i0.wp.com\\\/juditandzsoltsf.com\\\/wp-content\\\/uploads\\\/2026\\\/08\\\/Kep-10.jpeg?fit=1280%2C854&ssl=1\",\"datePublished\":\"2026-08-15T13:18:40+00:00\",\"dateModified\":\"2026-08-15T13:33:33+00:00\",\"description\":\"Egyre t\u00f6bben \u00e9rzik magukat mag\u00e1nyosnak. Mit mond a Biblia a mag\u00e1nyr\u00f3l, \u00e9s hogyan tal\u00e1lhatunk val\u00f3di kapcsolatot \u00e9s k\u00f6z\u00f6ss\u00e9get?\",\"breadcrumb\":{\"@id\":\"https:\\\/\\\/juditandzsoltsf.com\\\/a-magany-jarvanya\\\/#breadcrumb\"},\"inLanguage\":\"en-US\",\"potentialAction\":[{\"@type\":\"ReadAction\",\"target\":[\"https:\\\/\\\/juditandzsoltsf.com\\\/a-magany-jarvanya\\\/\"]}]},{\"@type\":\"ImageObject\",\"inLanguage\":\"en-US\",\"@id\":\"https:\\\/\\\/juditandzsoltsf.com\\\/a-magany-jarvanya\\\/#primaryimage\",\"url\":\"https:\\\/\\\/i0.wp.com\\\/juditandzsoltsf.com\\\/wp-content\\\/uploads\\\/2026\\\/08\\\/Kep-10.jpeg?fit=1280%2C854&ssl=1\",\"contentUrl\":\"https:\\\/\\\/i0.wp.com\\\/juditandzsoltsf.com\\\/wp-content\\\/uploads\\\/2026\\\/08\\\/Kep-10.jpeg?fit=1280%2C854&ssl=1\",\"width\":1280,\"height\":854},{\"@type\":\"BreadcrumbList\",\"@id\":\"https:\\\/\\\/juditandzsoltsf.com\\\/a-magany-jarvanya\\\/#breadcrumb\",\"itemListElement\":[{\"@type\":\"ListItem\",\"position\":1,\"name\":\"Home\",\"item\":\"https:\\\/\\\/juditandzsoltsf.com\\\/\"},{\"@type\":\"ListItem\",\"position\":2,\"name\":\"A mag\u00e1ny j\u00e1rv\u00e1nya\"}]},{\"@type\":\"WebSite\",\"@id\":\"https:\\\/\\\/juditandzsoltsf.com\\\/#website\",\"url\":\"https:\\\/\\\/juditandzsoltsf.com\\\/\",\"name\":\"Judit&amp;ZsoltSF\",\"description\":\"Blog\",\"publisher\":{\"@id\":\"https:\\\/\\\/juditandzsoltsf.com\\\/#organization\"},\"potentialAction\":[{\"@type\":\"SearchAction\",\"target\":{\"@type\":\"EntryPoint\",\"urlTemplate\":\"https:\\\/\\\/juditandzsoltsf.com\\\/?s={search_term_string}\"},\"query-input\":{\"@type\":\"PropertyValueSpecification\",\"valueRequired\":true,\"valueName\":\"search_term_string\"}}],\"inLanguage\":\"en-US\"},{\"@type\":\"Organization\",\"@id\":\"https:\\\/\\\/juditandzsoltsf.com\\\/#organization\",\"name\":\"Judit&amp;ZsoltSF\",\"url\":\"https:\\\/\\\/juditandzsoltsf.com\\\/\",\"logo\":{\"@type\":\"ImageObject\",\"inLanguage\":\"en-US\",\"@id\":\"https:\\\/\\\/juditandzsoltsf.com\\\/#\\\/schema\\\/logo\\\/image\\\/\",\"url\":\"https:\\\/\\\/i0.wp.com\\\/juditandzsoltsf.com\\\/wp-content\\\/uploads\\\/2024\\\/10\\\/699J6M-LogoMakr.webp?fit=250%2C123&ssl=1\",\"contentUrl\":\"https:\\\/\\\/i0.wp.com\\\/juditandzsoltsf.com\\\/wp-content\\\/uploads\\\/2024\\\/10\\\/699J6M-LogoMakr.webp?fit=250%2C123&ssl=1\",\"width\":250,\"height\":123,\"caption\":\"Judit&amp;ZsoltSF\"},\"image\":{\"@id\":\"https:\\\/\\\/juditandzsoltsf.com\\\/#\\\/schema\\\/logo\\\/image\\\/\"}},{\"@type\":\"Person\",\"@id\":\"https:\\\/\\\/juditandzsoltsf.com\\\/#\\\/schema\\\/person\\\/5982680a0bef03f4d516e857679823a9\",\"name\":\"judit\",\"image\":{\"@type\":\"ImageObject\",\"inLanguage\":\"en-US\",\"@id\":\"https:\\\/\\\/secure.gravatar.com\\\/avatar\\\/28a125569ec16b396eadd21bfb36ae05e3f2e50a6d124fc27f676024e03973b3?s=96&d=mm&r=g\",\"url\":\"https:\\\/\\\/secure.gravatar.com\\\/avatar\\\/28a125569ec16b396eadd21bfb36ae05e3f2e50a6d124fc27f676024e03973b3?s=96&d=mm&r=g\",\"contentUrl\":\"https:\\\/\\\/secure.gravatar.com\\\/avatar\\\/28a125569ec16b396eadd21bfb36ae05e3f2e50a6d124fc27f676024e03973b3?s=96&d=mm&r=g\",\"caption\":\"judit\"},\"sameAs\":[\"https:\\\/\\\/juditandzsoltsf.com\"],\"url\":\"https:\\\/\\\/juditandzsoltsf.com\\\/en\\\/author\\\/judit\\\/\"}]}<\/script>\n<!-- \/ Yoast SEO plugin. -->","yoast_head_json":{"title":"A mag\u00e1ny j\u00e1rv\u00e1nya \u2013 Mit mond a Biblia a mag\u00e1nyr\u00f3l?","description":"Egyre t\u00f6bben \u00e9rzik magukat mag\u00e1nyosnak. Mit mond a Biblia a mag\u00e1nyr\u00f3l, \u00e9s hogyan tal\u00e1lhatunk val\u00f3di kapcsolatot \u00e9s k\u00f6z\u00f6ss\u00e9get?","robots":{"index":"index","follow":"follow","max-snippet":"max-snippet:-1","max-image-preview":"max-image-preview:large","max-video-preview":"max-video-preview:-1"},"canonical":"https:\/\/juditandzsoltsf.com\/en\/a-magany-jarvanya\/","og_locale":"en_US","og_type":"article","og_title":"A mag\u00e1ny j\u00e1rv\u00e1nya \u2013 Mit mond a Biblia a mag\u00e1nyr\u00f3l?","og_description":"Egyre t\u00f6bben \u00e9rzik magukat mag\u00e1nyosnak. Mit mond a Biblia a mag\u00e1nyr\u00f3l, \u00e9s hogyan tal\u00e1lhatunk val\u00f3di kapcsolatot \u00e9s k\u00f6z\u00f6ss\u00e9get?","og_url":"https:\/\/juditandzsoltsf.com\/en\/a-magany-jarvanya\/","og_site_name":"Judit&amp;ZsoltSF","article_published_time":"2026-08-15T13:18:40+00:00","article_modified_time":"2026-08-15T13:33:33+00:00","og_image":[{"width":1280,"height":854,"url":"https:\/\/juditandzsoltsf.com\/wp-content\/uploads\/2026\/08\/Kep-10.jpeg","type":"image\/jpeg"}],"author":"judit","twitter_card":"summary_large_image","twitter_misc":{"Written by":"judit","Est. reading time":"3 minutes"},"schema":{"@context":"https:\/\/schema.org","@graph":[{"@type":"Article","@id":"https:\/\/juditandzsoltsf.com\/a-magany-jarvanya\/#article","isPartOf":{"@id":"https:\/\/juditandzsoltsf.com\/a-magany-jarvanya\/"},"author":{"name":"judit","@id":"https:\/\/juditandzsoltsf.com\/#\/schema\/person\/5982680a0bef03f4d516e857679823a9"},"headline":"A mag\u00e1ny j\u00e1rv\u00e1nya","datePublished":"2026-08-15T13:18:40+00:00","dateModified":"2026-08-15T13:33:33+00:00","mainEntityOfPage":{"@id":"https:\/\/juditandzsoltsf.com\/a-magany-jarvanya\/"},"wordCount":802,"commentCount":0,"publisher":{"@id":"https:\/\/juditandzsoltsf.com\/#organization"},"image":{"@id":"https:\/\/juditandzsoltsf.com\/a-magany-jarvanya\/#primaryimage"},"thumbnailUrl":"https:\/\/i0.wp.com\/juditandzsoltsf.com\/wp-content\/uploads\/2026\/08\/Kep-10.jpeg?fit=1280%2C854&ssl=1","keywords":["egyed\u00fcl","kapcsolat","k\u00f6z\u00f6ss\u00e9g","mag\u00e1ny"],"articleSection":["Elm\u00e9lked\u00e9sek"],"inLanguage":"en-US","potentialAction":[{"@type":"CommentAction","name":"Comment","target":["https:\/\/juditandzsoltsf.com\/a-magany-jarvanya\/#respond"]}]},{"@type":"WebPage","@id":"https:\/\/juditandzsoltsf.com\/a-magany-jarvanya\/","url":"https:\/\/juditandzsoltsf.com\/a-magany-jarvanya\/","name":"A mag\u00e1ny j\u00e1rv\u00e1nya \u2013 Mit mond a Biblia a mag\u00e1nyr\u00f3l?","isPartOf":{"@id":"https:\/\/juditandzsoltsf.com\/#website"},"primaryImageOfPage":{"@id":"https:\/\/juditandzsoltsf.com\/a-magany-jarvanya\/#primaryimage"},"image":{"@id":"https:\/\/juditandzsoltsf.com\/a-magany-jarvanya\/#primaryimage"},"thumbnailUrl":"https:\/\/i0.wp.com\/juditandzsoltsf.com\/wp-content\/uploads\/2026\/08\/Kep-10.jpeg?fit=1280%2C854&ssl=1","datePublished":"2026-08-15T13:18:40+00:00","dateModified":"2026-08-15T13:33:33+00:00","description":"Egyre t\u00f6bben \u00e9rzik magukat mag\u00e1nyosnak. Mit mond a Biblia a mag\u00e1nyr\u00f3l, \u00e9s hogyan tal\u00e1lhatunk val\u00f3di kapcsolatot \u00e9s k\u00f6z\u00f6ss\u00e9get?","breadcrumb":{"@id":"https:\/\/juditandzsoltsf.com\/a-magany-jarvanya\/#breadcrumb"},"inLanguage":"en-US","potentialAction":[{"@type":"ReadAction","target":["https:\/\/juditandzsoltsf.com\/a-magany-jarvanya\/"]}]},{"@type":"ImageObject","inLanguage":"en-US","@id":"https:\/\/juditandzsoltsf.com\/a-magany-jarvanya\/#primaryimage","url":"https:\/\/i0.wp.com\/juditandzsoltsf.com\/wp-content\/uploads\/2026\/08\/Kep-10.jpeg?fit=1280%2C854&ssl=1","contentUrl":"https:\/\/i0.wp.com\/juditandzsoltsf.com\/wp-content\/uploads\/2026\/08\/Kep-10.jpeg?fit=1280%2C854&ssl=1","width":1280,"height":854},{"@type":"BreadcrumbList","@id":"https:\/\/juditandzsoltsf.com\/a-magany-jarvanya\/#breadcrumb","itemListElement":[{"@type":"ListItem","position":1,"name":"Home","item":"https:\/\/juditandzsoltsf.com\/"},{"@type":"ListItem","position":2,"name":"A mag\u00e1ny j\u00e1rv\u00e1nya"}]},{"@type":"WebSite","@id":"https:\/\/juditandzsoltsf.com\/#website","url":"https:\/\/juditandzsoltsf.com\/","name":"Judit&amp;ZsoltSF","description":"Blog","publisher":{"@id":"https:\/\/juditandzsoltsf.com\/#organization"},"potentialAction":[{"@type":"SearchAction","target":{"@type":"EntryPoint","urlTemplate":"https:\/\/juditandzsoltsf.com\/?s={search_term_string}"},"query-input":{"@type":"PropertyValueSpecification","valueRequired":true,"valueName":"search_term_string"}}],"inLanguage":"en-US"},{"@type":"Organization","@id":"https:\/\/juditandzsoltsf.com\/#organization","name":"Judit&amp;ZsoltSF","url":"https:\/\/juditandzsoltsf.com\/","logo":{"@type":"ImageObject","inLanguage":"en-US","@id":"https:\/\/juditandzsoltsf.com\/#\/schema\/logo\/image\/","url":"https:\/\/i0.wp.com\/juditandzsoltsf.com\/wp-content\/uploads\/2024\/10\/699J6M-LogoMakr.webp?fit=250%2C123&ssl=1","contentUrl":"https:\/\/i0.wp.com\/juditandzsoltsf.com\/wp-content\/uploads\/2024\/10\/699J6M-LogoMakr.webp?fit=250%2C123&ssl=1","width":250,"height":123,"caption":"Judit&amp;ZsoltSF"},"image":{"@id":"https:\/\/juditandzsoltsf.com\/#\/schema\/logo\/image\/"}},{"@type":"Person","@id":"https:\/\/juditandzsoltsf.com\/#\/schema\/person\/5982680a0bef03f4d516e857679823a9","name":"judit","image":{"@type":"ImageObject","inLanguage":"en-US","@id":"https:\/\/secure.gravatar.com\/avatar\/28a125569ec16b396eadd21bfb36ae05e3f2e50a6d124fc27f676024e03973b3?s=96&d=mm&r=g","url":"https:\/\/secure.gravatar.com\/avatar\/28a125569ec16b396eadd21bfb36ae05e3f2e50a6d124fc27f676024e03973b3?s=96&d=mm&r=g","contentUrl":"https:\/\/secure.gravatar.com\/avatar\/28a125569ec16b396eadd21bfb36ae05e3f2e50a6d124fc27f676024e03973b3?s=96&d=mm&r=g","caption":"judit"},"sameAs":["https:\/\/juditandzsoltsf.com"],"url":"https:\/\/juditandzsoltsf.com\/en\/author\/judit\/"}]}},"jetpack_sharing_enabled":true,"jetpack_featured_media_url":"https:\/\/i0.wp.com\/juditandzsoltsf.com\/wp-content\/uploads\/2026\/08\/Kep-10.jpeg?fit=1280%2C854&ssl=1","rttpg_featured_image_url":{"full":["https:\/\/i0.wp.com\/juditandzsoltsf.com\/wp-content\/uploads\/2026\/08\/Kep-10.jpeg?fit=1280%2C854&ssl=1",1280,854,false],"landscape":["https:\/\/juditandzsoltsf.com\/wp-content\/uploads\/2026\/08\/Kep-10.jpeg",1280,854,false],"portraits":["https:\/\/juditandzsoltsf.com\/wp-content\/uploads\/2026\/08\/Kep-10.jpeg",1280,854,false],"thumbnail":["https:\/\/i0.wp.com\/juditandzsoltsf.com\/wp-content\/uploads\/2026\/08\/Kep-10.jpeg?resize=150%2C150&ssl=1",150,150,true],"medium":["https:\/\/i0.wp.com\/juditandzsoltsf.com\/wp-content\/uploads\/2026\/08\/Kep-10.jpeg?fit=300%2C200&ssl=1",300,200,true],"large":["https:\/\/i0.wp.com\/juditandzsoltsf.com\/wp-content\/uploads\/2026\/08\/Kep-10.jpeg?fit=1024%2C683&ssl=1",1024,683,true],"1536x1536":["https:\/\/i0.wp.com\/juditandzsoltsf.com\/wp-content\/uploads\/2026\/08\/Kep-10.jpeg?fit=1280%2C854&ssl=1",1280,854,true],"2048x2048":["https:\/\/i0.wp.com\/juditandzsoltsf.com\/wp-content\/uploads\/2026\/08\/Kep-10.jpeg?fit=1280%2C854&ssl=1",1280,854,true],"trp-custom-language-flag":["https:\/\/i0.wp.com\/juditandzsoltsf.com\/wp-content\/uploads\/2026\/08\/Kep-10.jpeg?fit=18%2C12&ssl=1",18,12,true]},"rttpg_author":{"display_name":"judit","author_link":"https:\/\/juditandzsoltsf.com\/en\/author\/judit\/"},"rttpg_comment":0,"rttpg_category":"<a href=\"https:\/\/juditandzsoltsf.com\/en\/category\/egyeb\/\" rel=\"category tag\">Elm\u00e9lked\u00e9sek<\/a>","rttpg_excerpt":"Soha nem volt m\u00e9g ennyire egyszer\u0171 kapcsolatba l\u00e9pni egym\u00e1ssal. Egyetlen \u00fczenettel el\u00e9rhet\u00fcnk valakit a vil\u00e1g m\u00e1sik fel\u00e9n. L\u00e1thatjuk ismer\u0151seink f\u00e9nyk\u00e9peit, k\u00f6vethetj\u00fck az \u00e9let\u00fcket, besz\u00e9lgethet\u00fcnk vide\u00f3h\u00edv\u00e1son kereszt\u00fcl, \u00e9s n\u00e9h\u00e1ny m\u00e1sodperc alatt kapcsolatba ker\u00fclhet\u00fcnk szinte b\u00e1rkivel. M\u00e9gis egyre t\u00f6bb ember vallja be \u0151szint\u00e9n, hogy mag\u00e1nyos. Furcsa ellentmond\u00e1s ez. Egy olyan korban \u00e9l\u00fcnk, amikor t\u00f6bb kapcsolat vesz k\u00f6r\u00fcl&hellip;","_links":{"self":[{"href":"https:\/\/juditandzsoltsf.com\/en\/wp-json\/wp\/v2\/posts\/6556","targetHints":{"allow":["GET"]}}],"collection":[{"href":"https:\/\/juditandzsoltsf.com\/en\/wp-json\/wp\/v2\/posts"}],"about":[{"href":"https:\/\/juditandzsoltsf.com\/en\/wp-json\/wp\/v2\/types\/post"}],"author":[{"embeddable":true,"href":"https:\/\/juditandzsoltsf.com\/en\/wp-json\/wp\/v2\/users\/1"}],"replies":[{"embeddable":true,"href":"https:\/\/juditandzsoltsf.com\/en\/wp-json\/wp\/v2\/comments?post=6556"}],"version-history":[{"count":14,"href":"https:\/\/juditandzsoltsf.com\/en\/wp-json\/wp\/v2\/posts\/6556\/revisions"}],"predecessor-version":[{"id":6571,"href":"https:\/\/juditandzsoltsf.com\/en\/wp-json\/wp\/v2\/posts\/6556\/revisions\/6571"}],"wp:featuredmedia":[{"embeddable":true,"href":"https:\/\/juditandzsoltsf.com\/en\/wp-json\/wp\/v2\/media\/6558"}],"wp:attachment":[{"href":"https:\/\/juditandzsoltsf.com\/en\/wp-json\/wp\/v2\/media?parent=6556"}],"wp:term":[{"taxonomy":"category","embeddable":true,"href":"https:\/\/juditandzsoltsf.com\/en\/wp-json\/wp\/v2\/categories?post=6556"},{"taxonomy":"post_tag","embeddable":true,"href":"https:\/\/juditandzsoltsf.com\/en\/wp-json\/wp\/v2\/tags?post=6556"}],"curies":[{"name":"wp","href":"https:\/\/api.w.org\/{rel}","templated":true}]}}