{"id":6492,"date":"2026-07-23T08:44:28","date_gmt":"2026-07-23T06:44:28","guid":{"rendered":"https:\/\/juditandzsoltsf.com\/?p=6492"},"modified":"2026-08-16T16:45:02","modified_gmt":"2026-08-16T14:45:02","slug":"3-krisztusban-remekmu-vagyok","status":"publish","type":"post","link":"https:\/\/juditandzsoltsf.com\/en\/3-krisztusban-remekmu-vagyok\/","title":{"rendered":"4. KRISZTUSBAN REMEKM\u0170 VAGYOK"},"content":{"rendered":"<div data-elementor-type=\"wp-post\" data-elementor-id=\"6492\" class=\"elementor elementor-6492\">\n\t\t\t\t<div class=\"elementor-element elementor-element-0fe2379 e-con e-atomic-element e-flexbox-base e-fb1ab7e\" data-id=\"0fe2379\" data-element_type=\"e-flexbox\" data-e-type=\"e-flexbox\" data-interaction-id=\"0fe2379\">\n    \t\t<div class=\"elementor-element elementor-element-c4d930a elementor-widget elementor-widget-heading\" data-id=\"c4d930a\" data-element_type=\"widget\" data-e-type=\"widget\" data-widget_type=\"heading.default\">\n\t\t\t\t<div class=\"elementor-widget-container\">\n\t\t\t\t\t<h3 class=\"elementor-heading-title elementor-size-default\">Kegyelemb\u0151l \u00e9lek, c\u00e9lra teremtve<\/h3>\t\t\t\t<\/div>\n\t\t\t\t<\/div>\n\t\t\n<\/div>\n<div class=\"elementor-element elementor-element-fad4150 e-con e-atomic-element e-flexbox-base e-2019eb2\" data-id=\"fad4150\" data-element_type=\"e-flexbox\" data-e-type=\"e-flexbox\" data-interaction-id=\"fad4150\">\n    \t\t<div class=\"elementor-element elementor-element-f825b17 elementor-widget elementor-widget-text-editor\" data-id=\"f825b17\" data-element_type=\"widget\" data-e-type=\"widget\" data-widget_type=\"text-editor.default\">\n\t\t\t\t<div class=\"elementor-widget-container\">\n\t\t\t\t\t\t\t\t\t<p><strong>Mi lenne, ha azt mondan\u00e1m, hogy nem egyszer\u0171en egy ember vagy, hanem egy k\u00e9sz\u00fcl\u0151 remekm\u0171? Lehet, hogy most ink\u00e1bb a hib\u00e1idat, a kudarcaidat vagy a m\u00faltad terheit l\u00e1tod. Isten azonban eg\u00e9szen m\u00e1s szemmel n\u00e9z r\u00e1d. Az Ef\u00e9zusi lev\u00e9l 2. fejezete egyszerre mondja ki az ember legm\u00e9lyebb probl\u00e9m\u00e1j\u00e1t \u00e9s a legcsod\u00e1latosabb rem\u00e9nys\u00e9g\u00e9t: kegyelemb\u0151l \u00faj \u00e9letet kaphatunk Krisztusban, \u00e9s Isten olyan c\u00e9llal form\u00e1l benn\u00fcnket, amely messze t\u00falmutat azon, amit valaha is elk\u00e9pzelt\u00fcnk magunkr\u00f3l. Vajon engeded, hogy a Mester befejezze rajtad a m\u0171v\u00e9t?<\/strong><\/p>\t\t\t\t\t\t\t\t<\/div>\n\t\t\t\t<\/div>\n\t\t\t\t<div class=\"elementor-element elementor-element-ed39d0a elementor-widget elementor-widget-heading\" data-id=\"ed39d0a\" data-element_type=\"widget\" data-e-type=\"widget\" data-widget_type=\"heading.default\">\n\t\t\t\t<div class=\"elementor-widget-container\">\n\t\t\t\t\t<h2 class=\"elementor-heading-title elementor-size-default\">Efezus 2:1-10<\/h2>\t\t\t\t<\/div>\n\t\t\t\t<\/div>\n\t\t\n<\/div>\n<div class=\"elementor-element elementor-element-71aa6ad e-con e-atomic-element e-flexbox-base e-1170561\" data-id=\"71aa6ad\" data-element_type=\"e-flexbox\" data-e-type=\"e-flexbox\" data-interaction-id=\"71aa6ad\">\n    \t\t<div class=\"elementor-element elementor-element-31fcc48 elementor-widget elementor-widget-text-editor\" data-id=\"31fcc48\" data-element_type=\"widget\" data-e-type=\"widget\" data-widget_type=\"text-editor.default\">\n\t\t\t\t<div class=\"elementor-widget-container\">\n\t\t\t\t\t\t\t\t\t<p>Ma egy kis gyermeket mutattunk be az \u00darnak, aki nagyon sz\u00e9p, aranyos, kedves \u00e9s \u00e1rtatlan. <i>Tabula rasa<\/i>, mondt\u00e1k a r\u00e9giek, tiszta lappal indul. \u263a Vagy nem? A mai ige kicsit m\u00e1st mond. Isten ig\u00e9je az\u00e9rt nagyszer\u0171, mert soha nem hazudik, MIDIG IGAZAT MOND. Mindezt \u00fagy teszi, hogy ha vessz\u00fck a f\u00e1radts\u00e1got \u00e9s a nyitotts\u00e1got, hogy meg\u00e9rts\u00fck, akkor m\u00e9g ha nem is kellemes az igazs\u00e1g, mindig van megold\u00e1s, val\u00f3di, hiteles megold\u00e1s, amely messze fel\u00fclm\u00falja a vil\u00e1gi aj\u00e1nlatokat.<\/p>\t\t\t\t\t\t\t\t<\/div>\n\t\t\t\t<\/div>\n\t\t\n<\/div>\n<div class=\"elementor-element elementor-element-76f2055 e-con e-atomic-element e-flexbox-base e-0e3894c\" data-id=\"76f2055\" data-element_type=\"e-flexbox\" data-e-type=\"e-flexbox\" data-interaction-id=\"76f2055\">\n    \t\t<div class=\"elementor-element elementor-element-41b6dcd elementor-widget elementor-widget-text-editor\" data-id=\"41b6dcd\" data-element_type=\"widget\" data-e-type=\"widget\" data-widget_type=\"text-editor.default\">\n\t\t\t\t<div class=\"elementor-widget-container\">\n\t\t\t\t\t\t\t\t\t<p>Amikor megsz\u00fcletik egy baba, apa-anya \u00e1ltal\u00e1ban nagyon \u00f6r\u00fcl. A Biblia szerint Bizony, az \u00dar aj\u00e1nd\u00e9ka a gyermek, az anyam\u00e9h gy\u00fcm\u00f6lcse jutalom.<span class=\"Apple-converted-space\">\u00a0<\/span><\/p>\t\t\t\t\t\t\t\t<\/div>\n\t\t\t\t<\/div>\n\t\t\n<\/div>\n<div class=\"elementor-element elementor-element-4cce013 e-con e-atomic-element e-flexbox-base e-adbf393\" data-id=\"4cce013\" data-element_type=\"e-flexbox\" data-e-type=\"e-flexbox\" data-interaction-id=\"4cce013\">\n    \t\t<div class=\"elementor-element elementor-element-eb7887e elementor-widget elementor-widget-heading\" data-id=\"eb7887e\" data-element_type=\"widget\" data-e-type=\"widget\" data-widget_type=\"heading.default\">\n\t\t\t\t<div class=\"elementor-widget-container\">\n\t\t\t\t\t<h2 class=\"elementor-heading-title elementor-size-default\">Mit tan\u00edt err\u0151l Isten Ig\u00e9je?<\/h2>\t\t\t\t<\/div>\n\t\t\t\t<\/div>\n\t\t\n<\/div>\n<div class=\"elementor-element elementor-element-2ff321d e-con e-atomic-element e-flexbox-base e-604de9d\" data-id=\"2ff321d\" data-element_type=\"e-flexbox\" data-e-type=\"e-flexbox\" data-interaction-id=\"2ff321d\">\n    \t\t<div class=\"elementor-element elementor-element-0fc63c0 elementor-widget elementor-widget-text-editor\" data-id=\"0fc63c0\" data-element_type=\"widget\" data-e-type=\"widget\" data-widget_type=\"text-editor.default\">\n\t\t\t\t<div class=\"elementor-widget-container\">\n\t\t\t\t\t\t\t\t\t<p>Az egyik sz\u00fcl\u0151 \u00edrta az interneten: \u201eA k\u00e9t\u00e9ves kisl\u00e1nyunkb\u00f3l egy val\u00f3s\u00e1gos kis dikt\u00e1tor lett.\u201d \u00e9s a hozz\u00e1sz\u00f3l\u00e1sok nagyon meg\u00e9rt\u0151ek: a minek is, &#8230;<span class=\"Apple-converted-space\">\u00a0<\/span><\/p>\t\t\t\t\t\t\t\t<\/div>\n\t\t\t\t<\/div>\n\t\t\n<\/div>\n<div class=\"elementor-element elementor-element-5e5ea14 e-con e-atomic-element e-flexbox-base e-139ac94\" data-id=\"5e5ea14\" data-element_type=\"e-flexbox\" data-e-type=\"e-flexbox\" data-interaction-id=\"5e5ea14\">\n    \t\t<div class=\"elementor-element elementor-element-203ef04 elementor-widget elementor-widget-text-editor\" data-id=\"203ef04\" data-element_type=\"widget\" data-e-type=\"widget\" data-widget_type=\"text-editor.default\">\n\t\t\t\t<div class=\"elementor-widget-container\">\n\t\t\t\t\t\t\t\t\t<p>Ha belegondolunk, a &#8220;kis dikt\u00e1tor&#8221; hasonlat t\u00f6bb ponton is meg\u00e1llja a hely\u00e9t:<\/p>\t\t\t\t\t\t\t\t<\/div>\n\t\t\t\t<\/div>\n\t\t\n<\/div>\n<div class=\"elementor-element elementor-element-d3afa61 e-con e-atomic-element e-flexbox-base e-ab30050\" data-id=\"d3afa61\" data-element_type=\"e-flexbox\" data-e-type=\"e-flexbox\" data-interaction-id=\"d3afa61\">\n    \t\t<div class=\"elementor-element elementor-element-b0bb882 elementor-widget elementor-widget-text-editor\" data-id=\"b0bb882\" data-element_type=\"widget\" data-e-type=\"widget\" data-widget_type=\"text-editor.default\">\n\t\t\t\t<div class=\"elementor-widget-container\">\n\t\t\t\t\t\t\t\t\t<ul><li style=\"list-style-type: none;\"><ul><li><i>Abszol\u00fat hatalom<\/i>: Nincs tekintettel a &#8220;n\u00e9p&#8221; (a sz\u00fcl\u0151k) ig\u00e9nyeire. Ha \u0151 \u00e9hes vagy \u00e1lmos hajnali h\u00e1romkor, az eg\u00e9sz h\u00e1zat mozg\u00f3s\u00edtja.<\/li><li><i>Azonnali engedelmess\u00e9g<\/i>: Nem ismer kompromisszumot. A &#8220;v\u00e1rj egy percet&#8221; fogalma sz\u00e1m\u00e1ra nem l\u00e9tezik.<\/li><li><i>\u00c9rzelmi manipul\u00e1ci\u00f3<\/i>: Egyetlen mosollyal k\u00e9pes el\u00e9rni, hogy a &#8220;alattval\u00f3i&#8221; elfelejts\u00e9k az \u00f6sszes kor\u00e1bbi s\u00e9relmet \u00e9s az alv\u00e1shi\u00e1nyt.<\/li><\/ul><\/li><\/ul>\t\t\t\t\t\t\t\t<\/div>\n\t\t\t\t<\/div>\n\t\t\n<\/div>\n<div class=\"elementor-element elementor-element-d2e4a4d e-con e-atomic-element e-flexbox-base e-49d8e76\" data-id=\"d2e4a4d\" data-element_type=\"e-flexbox\" data-e-type=\"e-flexbox\" data-interaction-id=\"d2e4a4d\">\n    \t\t<div class=\"elementor-element elementor-element-eb28c87 elementor-widget elementor-widget-text-editor\" data-id=\"eb28c87\" data-element_type=\"widget\" data-e-type=\"widget\" data-widget_type=\"text-editor.default\">\n\t\t\t\t<div class=\"elementor-widget-container\">\n\t\t\t\t\t\t\t\t\t<p>\u00c9s a sz\u00fcl\u0151k azt gondolj\u00e1k, hogy ha a baba n\u00f6vekszik, akkor majd kin\u00f6vi a rossz szok\u00e1sokat. Ez azonban tudjuk, hogy nem \u00edgy van.<\/p>\t\t\t\t\t\t\t\t<\/div>\n\t\t\t\t<\/div>\n\t\t\n<\/div>\n<div class=\"elementor-element elementor-element-abce8d3 e-con e-atomic-element e-flexbox-base e-a2b66de\" data-id=\"abce8d3\" data-element_type=\"e-flexbox\" data-e-type=\"e-flexbox\" data-interaction-id=\"abce8d3\">\n    \t\t<div class=\"elementor-element elementor-element-89a940d elementor-widget elementor-widget-image\" data-id=\"89a940d\" data-element_type=\"widget\" data-e-type=\"widget\" data-widget_type=\"image.default\">\n\t\t\t\t<div class=\"elementor-widget-container\">\n\t\t\t\t\t\t\t\t\t\t\t\t\t\t\t<img fetchpriority=\"high\" decoding=\"async\" width=\"1024\" height=\"683\" src=\"https:\/\/i0.wp.com\/juditandzsoltsf.com\/wp-content\/uploads\/2026\/07\/Kep-25.jpeg?fit=1024%2C683&amp;ssl=1\" class=\"attachment-large size-large wp-image-6505\" alt=\"\" srcset=\"https:\/\/i0.wp.com\/juditandzsoltsf.com\/wp-content\/uploads\/2026\/07\/Kep-25.jpeg?w=1280&amp;ssl=1 1280w, https:\/\/i0.wp.com\/juditandzsoltsf.com\/wp-content\/uploads\/2026\/07\/Kep-25.jpeg?resize=300%2C200&amp;ssl=1 300w, https:\/\/i0.wp.com\/juditandzsoltsf.com\/wp-content\/uploads\/2026\/07\/Kep-25.jpeg?resize=1024%2C683&amp;ssl=1 1024w, https:\/\/i0.wp.com\/juditandzsoltsf.com\/wp-content\/uploads\/2026\/07\/Kep-25.jpeg?resize=768%2C512&amp;ssl=1 768w, https:\/\/i0.wp.com\/juditandzsoltsf.com\/wp-content\/uploads\/2026\/07\/Kep-25.jpeg?resize=18%2C12&amp;ssl=1 18w\" sizes=\"(max-width: 1000px) 100vw, 1000px\" \/>\t\t\t\t\t\t\t\t\t\t\t\t\t\t\t<\/div>\n\t\t\t\t<\/div>\n\t\t\t\t<div class=\"elementor-element elementor-element-3f267fa elementor-widget elementor-widget-text-editor\" data-id=\"3f267fa\" data-element_type=\"widget\" data-e-type=\"widget\" data-widget_type=\"text-editor.default\">\n\t\t\t\t<div class=\"elementor-widget-container\">\n\t\t\t\t\t\t\t\t\t<p>\u00c9s ez az \u0151szinte kis t\u00fck\u00f6r mutatja meg nek\u00fcnk, hogy MI IS ILYENEK VAGYUNK: sz\u00fcks\u00e9g\u00fcnk van valakire, aki n\u00e1lunk nagyobb, aki t\u00fcrelemmel \u00e9s kegyelemmel nevel minket. Err\u0151l besz\u00e9l az Ef 2:1-10. Az embernek ezen a f\u00f6ld\u00f6n nem az a legnagyobb probl\u00e9m\u00e1ja, hogy egy kicsit rossz \u00e9s meg kell jav\u00edtani, hanem hogy a b\u0171n miatt a Biblia nagyon er\u0151s sz\u00f3t haszn\u00e1l r\u00e1nk: halott, ami term\u00e9szetesen nem fizikai \u00e9rtelemben \u00e9rtend\u0151, hanem lelkileg. Nincs kapcsolatunk Istennel, az \u00e9let forr\u00e1s\u00e1val, mint amikor kih\u00fazzuk a TV-t a konnektorb\u00f3l. \u00cdgy sz\u00fclet\u00fcnk meg, \u00e9s ennek nagyon komoly k\u00f6vetkezm\u00e9nyei vannak az \u00e9let\u00fcnkben, a mai ige szerint a vil\u00e1g, a gonosz szellemi er\u0151k \u00e9s a saj\u00e1t \u00f6nz\u0151 k\u00edv\u00e1ns\u00e1gaink hatalma alatt vagyunk. Ilyen a term\u00e9szet\u00fcnk \u2013 mondja az ige P\u00e1l apostol \u00edr\u00e1s\u00e1ban.<\/p>\t\t\t\t\t\t\t\t<\/div>\n\t\t\t\t<\/div>\n\t\t\n<\/div>\n<div class=\"elementor-element elementor-element-48cb7b2 e-con e-atomic-element e-flexbox-base e-e6d8887\" data-id=\"48cb7b2\" data-element_type=\"e-flexbox\" data-e-type=\"e-flexbox\" data-interaction-id=\"48cb7b2\">\n    \t\t<div class=\"elementor-element elementor-element-9224b1a elementor-widget elementor-widget-heading\" data-id=\"9224b1a\" data-element_type=\"widget\" data-e-type=\"widget\" data-widget_type=\"heading.default\">\n\t\t\t\t<div class=\"elementor-widget-container\">\n\t\t\t\t\t<h2 class=\"elementor-heading-title elementor-size-default\">Nem jav\u00edt\u00e1sra, hanem \u00faj \u00e9letre van sz\u00fcks\u00e9g\u00fcnk.<\/h2>\t\t\t\t<\/div>\n\t\t\t\t<\/div>\n\t\t\t\t<div class=\"elementor-element elementor-element-ae855f0 elementor-widget elementor-widget-text-editor\" data-id=\"ae855f0\" data-element_type=\"widget\" data-e-type=\"widget\" data-widget_type=\"text-editor.default\">\n\t\t\t\t<div class=\"elementor-widget-container\">\n\t\t\t\t\t\t\t\t\t<p>Ha csak ennyit \u00edrna P\u00e1l apostol, akkor nagyon elkeseredn\u00e9nk, de h\u00e1la Istennek ott van a k\u00f6vetkez\u0151 ige elej\u00e9n egy kis sz\u00f3, ami teljesen megv\u00e1ltoztatja az eg\u00e9szet: DE, de Isten. \u00cdgy sz\u00f3l az ige: De Isten, gazdag l\u00e9v\u00e9n irgalomban, az \u0151 nagy szeretet\u00e9\u00e9rt, amellyel minket szeretett. Mivel Isten szeret, ez NEM A V\u00c9GE a t\u00f6rt\u00e9netnek, hanem csak a KEZDET, mert az ember, te is, \u00e9n is, ez a baba is, Isten alkot\u00e1sa, egy m\u0171alkot\u00e1s, ami m\u00e9g nem t\u00f6k\u00e9letes, de m\u00e1r remekm\u0171, akit Isten eg\u00e9sz \u00e9let\u00e9ben form\u00e1l, am\u00edg elnyeri a t\u00f6k\u00e9letes sz\u00e9ps\u00e9g\u00e9t \u00e9s dics\u0151s\u00e9g\u00e9t KRISZTUSBAN, amint eddig is ezt hangs\u00falyoztuk. A 139. Zsolt\u00e1rban D\u00e1vid ezt mondja:<span class=\"Apple-converted-space\">\u00a0<\/span><\/p>\t\t\t\t\t\t\t\t<\/div>\n\t\t\t\t<\/div>\n\t\t\n<\/div>\n<div class=\"elementor-element elementor-element-9ebdc2f e-con e-atomic-element e-flexbox-base e-00144ec\" data-id=\"9ebdc2f\" data-element_type=\"e-flexbox\" data-e-type=\"e-flexbox\" data-interaction-id=\"9ebdc2f\">\n    \t\t<div class=\"elementor-element elementor-element-c811677 elementor-widget elementor-widget-text-editor\" data-id=\"c811677\" data-element_type=\"widget\" data-e-type=\"widget\" data-widget_type=\"text-editor.default\">\n\t\t\t\t<div class=\"elementor-widget-container\">\n\t\t\t\t\t\t\t\t\t<blockquote><p>&#8220;Te alkottad ves\u00e9imet, te form\u00e1lt\u00e1l any\u00e1m m\u00e9h\u00e9ben. Magasztallak t\u00e9ged, mert f\u00e9lelmetes vagy \u00e9s csod\u00e1latos; csod\u00e1latosak alkot\u00e1said, \u00e9s lelkem j\u00f3l tudja ezt.&#8221; Zsolt\u00e1rok 139:13-14<\/p><\/blockquote>\t\t\t\t\t\t\t\t<\/div>\n\t\t\t\t<\/div>\n\t\t\n<\/div>\n<div class=\"elementor-element elementor-element-bf0dec2 e-con e-atomic-element e-flexbox-base e-76e5976\" data-id=\"bf0dec2\" data-element_type=\"e-flexbox\" data-e-type=\"e-flexbox\" data-interaction-id=\"bf0dec2\">\n    \t\t<div class=\"elementor-element elementor-element-5920d08 elementor-widget elementor-widget-text-editor\" data-id=\"5920d08\" data-element_type=\"widget\" data-e-type=\"widget\" data-widget_type=\"text-editor.default\">\n\t\t\t\t<div class=\"elementor-widget-container\">\n\t\t\t\t\t\t\t\t\t<p>K\u00e9pzelj\u00fcnk el egy fest\u0151t, vagy egy szobr\u00e1szt, amikor elkezdi elk\u00e9sz\u00edteni a m\u0171alkot\u00e1st. Egy \u00fcres v\u00e1szon, egy k\u0151darab, nem sok minden l\u00e1tszik m\u00e9g bel\u0151le. Persze ez a hasonlat kicsit s\u00e1nt\u00edt, mert m\u00e1r egy baba nagyon sz\u00e9p tud lenni, \u00e9s igazi remekm\u0171, de ez\u00e9rt nem akarjuk, hogy ilyen is maradjon, hanem hogy n\u0151j\u00f6n fel \u00e9s egy \u00e9rt\u00e9kes, norm\u00e1lis \u00e9letet \u00e9ljen.<\/p>\t\t\t\t\t\t\t\t<\/div>\n\t\t\t\t<\/div>\n\t\t\n<\/div>\n<div class=\"elementor-element elementor-element-b3b5353 e-con e-atomic-element e-flexbox-base e-b8d1612\" data-id=\"b3b5353\" data-element_type=\"e-flexbox\" data-e-type=\"e-flexbox\" data-interaction-id=\"b3b5353\">\n    \t\t<div class=\"elementor-element elementor-element-faa9c8d elementor-widget elementor-widget-heading\" data-id=\"faa9c8d\" data-element_type=\"widget\" data-e-type=\"widget\" data-widget_type=\"heading.default\">\n\t\t\t\t<div class=\"elementor-widget-container\">\n\t\t\t\t\t<h2 class=\"elementor-heading-title elementor-size-default\">Isten nem selejtet l\u00e1t benned, hanem k\u00e9sz\u00fcl\u0151 remekm\u0171vet.<\/h2>\t\t\t\t<\/div>\n\t\t\t\t<\/div>\n\t\t\t\t<div class=\"elementor-element elementor-element-43daac1 elementor-widget elementor-widget-text-editor\" data-id=\"43daac1\" data-element_type=\"widget\" data-e-type=\"widget\" data-widget_type=\"text-editor.default\">\n\t\t\t\t<div class=\"elementor-widget-container\">\n\t\t\t\t\t\t\t\t\t<p>Gandhi h\u00edres mond\u00e1sa: \u201eTe magad l\u00e9gy a v\u00e1ltoz\u00e1s, amit l\u00e1tni szeretn\u00e9l a vil\u00e1gban.\u201d Hasonl\u00f3 magyar k\u00f6zmond\u00e1s: \u201eSeg\u00edts magadon, az Isten is megseg\u00edt.\u201d Ez nagyon j\u00f3l hangzik, \u00e9s van amiben igaz is, de a legnagyobb probl\u00e9m\u00e1n nem tudunk magunknak seg\u00edteni, mert nem csup\u00e1n javul\u00e1sra van sz\u00fcks\u00e9g\u00fcnk, hanem FELT\u00c1MAD\u00c1SRA, lelki \u00e9rtelemben. J\u00e9zus:<span class=\"Apple-converted-space\">\u00a0<\/span><\/p>\t\t\t\t\t\t\t\t<\/div>\n\t\t\t\t<\/div>\n\t\t\n<\/div>\n<div class=\"elementor-element elementor-element-e08bbf1 e-con e-atomic-element e-flexbox-base e-a5018e9\" data-id=\"e08bbf1\" data-element_type=\"e-flexbox\" data-e-type=\"e-flexbox\" data-interaction-id=\"e08bbf1\">\n    \t\t<div class=\"elementor-element elementor-element-aa051ec elementor-widget elementor-widget-text-editor\" data-id=\"aa051ec\" data-element_type=\"widget\" data-e-type=\"widget\" data-widget_type=\"text-editor.default\">\n\t\t\t\t<div class=\"elementor-widget-container\">\n\t\t\t\t\t\t\t\t\t<blockquote><p>&#8220;\u00c9n vagyok az \u00fat, az igazs\u00e1g \u00e9s az \u00c9LET.&#8221; J\u00e1nos 14:6<\/p><\/blockquote>\t\t\t\t\t\t\t\t<\/div>\n\t\t\t\t<\/div>\n\t\t\n<\/div>\n<div class=\"elementor-element elementor-element-82a8e44 e-con e-atomic-element e-flexbox-base e-31666c3\" data-id=\"82a8e44\" data-element_type=\"e-flexbox\" data-e-type=\"e-flexbox\" data-interaction-id=\"82a8e44\">\n    \t\t<div class=\"elementor-element elementor-element-66e86c2 elementor-widget elementor-widget-text-editor\" data-id=\"66e86c2\" data-element_type=\"widget\" data-e-type=\"widget\" data-widget_type=\"text-editor.default\">\n\t\t\t\t<div class=\"elementor-widget-container\">\n\t\t\t\t\t\t\t\t\t<p>Isten, ahogy k\u00e9sz\u00edti ezt a mennyei remekm\u0171vet az \u00e9let\u00fcnkben, a legfontosabb l\u00e9p\u00e9s, hogy elh\u00edv a Vele val\u00f3 kapcsolatra, hogy megtapasztaljuk az \u00c9letet, \u00fagy ahogy \u0150 azt nek\u00fcnk sz\u00e1nta m\u00e1r a vil\u00e1g teremt\u00e9se el\u0151tt. \u00cdgy mondja ezt a mai ige:<span class=\"Apple-converted-space\">\u00a0<\/span><\/p>\t\t\t\t\t\t\t\t<\/div>\n\t\t\t\t<\/div>\n\t\t\n<\/div>\n<div class=\"elementor-element elementor-element-baa7dfe e-con e-atomic-element e-flexbox-base e-59f6492\" data-id=\"baa7dfe\" data-element_type=\"e-flexbox\" data-e-type=\"e-flexbox\" data-interaction-id=\"baa7dfe\">\n    \t\t<div class=\"elementor-element elementor-element-3a8e216 elementor-widget elementor-widget-text-editor\" data-id=\"3a8e216\" data-element_type=\"widget\" data-e-type=\"widget\" data-widget_type=\"text-editor.default\">\n\t\t\t\t<div class=\"elementor-widget-container\">\n\t\t\t\t\t\t\t\t\t<blockquote><p>&#8220;minket is, akik halottak voltunk a v\u00e9tkek miatt, \u00e9letre keltett Krisztussal egy\u00fctt \u2013 kegyelemb\u0151l van \u00fcdv\u00f6ss\u00e9getek! \u2013 \u00e9s vele egy\u00fctt felt\u00e1masztott, \u00e9s a mennyei vil\u00e1gba \u00fcltetett Krisztus J\u00e9zusban, hogy megmutassa az elj\u00f6vend\u0151 vil\u00e1gban kegyelm\u00e9nek m\u00e9rhetetlen gazdags\u00e1g\u00e1t ir\u00e1ntunk val\u00f3 j\u00f3s\u00e1g\u00e1b\u00f3l Krisztus J\u00e9zusban.&#8221; Efezus 2:5-7<\/p><\/blockquote>\t\t\t\t\t\t\t\t<\/div>\n\t\t\t\t<\/div>\n\t\t\n<\/div>\n<div class=\"elementor-element elementor-element-c0a014f e-con e-atomic-element e-flexbox-base e-355a2a9\" data-id=\"c0a014f\" data-element_type=\"e-flexbox\" data-e-type=\"e-flexbox\" data-interaction-id=\"c0a014f\">\n    \t\t<div class=\"elementor-element elementor-element-0f621f7 elementor-widget elementor-widget-text-editor\" data-id=\"0f621f7\" data-element_type=\"widget\" data-e-type=\"widget\" data-widget_type=\"text-editor.default\">\n\t\t\t\t<div class=\"elementor-widget-container\">\n\t\t\t\t\t\t\t\t\t<p>Amikor ez megt\u00f6rt\u00e9nik, akkor kezd\u0151dik a val\u00f3di v\u00e1ltoz\u00e1s az ember \u00e9let\u00e9ben, \u00e9s akkor lesz a v\u00e9g\u00e9n az a REMEKM\u0170, akinek Isten eleve tervezett minket.<\/p>\t\t\t\t\t\t\t\t<\/div>\n\t\t\t\t<\/div>\n\t\t\n<\/div>\n<div class=\"elementor-element elementor-element-b657f0e e-con e-atomic-element e-flexbox-base e-69e4cfb\" data-id=\"b657f0e\" data-element_type=\"e-flexbox\" data-e-type=\"e-flexbox\" data-interaction-id=\"b657f0e\">\n    \t\t<div class=\"elementor-element elementor-element-04da522 elementor-widget elementor-widget-text-editor\" data-id=\"04da522\" data-element_type=\"widget\" data-e-type=\"widget\" data-widget_type=\"text-editor.default\">\n\t\t\t\t<div class=\"elementor-widget-container\">\n\t\t\t\t\t\t\t\t\t<p>Ha valaki nem \u00e9li \u00e1t ezt, akkor mivel nincs benne val\u00f3di, mennyei \u00e9let, egyre ink\u00e1bb a roml\u00e1s fel\u00e9 halad, \u00e9s a v\u00e9g\u00e9n ki kell dobni, mint egy elrontott festm\u00e9nyt.<\/p>\t\t\t\t\t\t\t\t<\/div>\n\t\t\t\t<\/div>\n\t\t\t\t<div class=\"elementor-element elementor-element-d0b82f1 elementor-widget elementor-widget-heading\" data-id=\"d0b82f1\" data-element_type=\"widget\" data-e-type=\"widget\" data-widget_type=\"heading.default\">\n\t\t\t\t<div class=\"elementor-widget-container\">\n\t\t\t\t\t<h2 class=\"elementor-heading-title elementor-size-default\">A Mester m\u00e9g dolgozik rajtad.<\/h2>\t\t\t\t<\/div>\n\t\t\t\t<\/div>\n\t\t\n<\/div>\n<div class=\"elementor-element elementor-element-5a4e507 e-con e-atomic-element e-flexbox-base e-deb131e\" data-id=\"5a4e507\" data-element_type=\"e-flexbox\" data-e-type=\"e-flexbox\" data-interaction-id=\"5a4e507\">\n    \t\t<div class=\"elementor-element elementor-element-945c94a elementor-widget elementor-widget-text-editor\" data-id=\"945c94a\" data-element_type=\"widget\" data-e-type=\"widget\" data-widget_type=\"text-editor.default\">\n\t\t\t\t<div class=\"elementor-widget-container\">\n\t\t\t\t\t\t\t\t\t<p>Van-e benned \u00e9let? Mennyi, Istent\u0151l kapott, \u00f6r\u00f6kk\u00e9 tart\u00f3 \u00e9let. Isten ma ezt neked akarja adni. Mit kell tennem \u00e9rte? SEMMIT. Csak elfogadni.<span class=\"Apple-converted-space\">\u00a0<\/span><\/p>\t\t\t\t\t\t\t\t<\/div>\n\t\t\t\t<\/div>\n\t\t\n<\/div>\n<div class=\"elementor-element elementor-element-b5eed9b e-con e-atomic-element e-flexbox-base e-da1f1c4\" data-id=\"b5eed9b\" data-element_type=\"e-flexbox\" data-e-type=\"e-flexbox\" data-interaction-id=\"b5eed9b\">\n    \t\t<div class=\"elementor-element elementor-element-e95f5b5 elementor-widget elementor-widget-text-editor\" data-id=\"e95f5b5\" data-element_type=\"widget\" data-e-type=\"widget\" data-widget_type=\"text-editor.default\">\n\t\t\t\t<div class=\"elementor-widget-container\">\n\t\t\t\t\t\t\t\t\t<blockquote><p>&#8220;Hiszen kegyelemb\u0151l van \u00fcdv\u00f6ss\u00e9getek hit \u00e1ltal, \u00e9s ez nem t\u0151letek van: Isten aj\u00e1nd\u00e9ka; nem cselekedetek\u00e9rt, hogy senki se dicsekedj\u00e9k.&#8221; Efezus 2:8-9<\/p><\/blockquote>\t\t\t\t\t\t\t\t<\/div>\n\t\t\t\t<\/div>\n\t\t\n<\/div>\n<div class=\"elementor-element elementor-element-fe5e81a e-con e-atomic-element e-flexbox-base e-ee94ff4\" data-id=\"fe5e81a\" data-element_type=\"e-flexbox\" data-e-type=\"e-flexbox\" data-interaction-id=\"fe5e81a\">\n    \t\t<div class=\"elementor-element elementor-element-d33e1d9 elementor-widget elementor-widget-text-editor\" data-id=\"d33e1d9\" data-element_type=\"widget\" data-e-type=\"widget\" data-widget_type=\"text-editor.default\">\n\t\t\t\t<div class=\"elementor-widget-container\">\n\t\t\t\t\t\t\t\t\t<p>5X van benne, hogy az \u00fcdv\u00f6ss\u00e9g, az \u00f6r\u00f6k \u00e9let nem a cselekedeteink JUTALMA. Hit \u00e1ltal. Hinni azt jelenti, hogy elfogadod az aj\u00e1nd\u00e9kot. J\u00e1n 3:16.<\/p><p>\u00a0<\/p>\t\t\t\t\t\t\t\t<\/div>\n\t\t\t\t<\/div>\n\t\t\t\t<div class=\"elementor-element elementor-element-728af45 elementor-widget elementor-widget-image\" data-id=\"728af45\" data-element_type=\"widget\" data-e-type=\"widget\" data-widget_type=\"image.default\">\n\t\t\t\t<div class=\"elementor-widget-container\">\n\t\t\t\t\t\t\t\t\t\t\t\t\t\t\t<img decoding=\"async\" width=\"1024\" height=\"683\" src=\"https:\/\/i0.wp.com\/juditandzsoltsf.com\/wp-content\/uploads\/2026\/07\/Kep-26.jpeg?fit=1024%2C683&amp;ssl=1\" class=\"attachment-large size-large wp-image-6504\" alt=\"\" srcset=\"https:\/\/i0.wp.com\/juditandzsoltsf.com\/wp-content\/uploads\/2026\/07\/Kep-26.jpeg?w=1280&amp;ssl=1 1280w, https:\/\/i0.wp.com\/juditandzsoltsf.com\/wp-content\/uploads\/2026\/07\/Kep-26.jpeg?resize=300%2C200&amp;ssl=1 300w, https:\/\/i0.wp.com\/juditandzsoltsf.com\/wp-content\/uploads\/2026\/07\/Kep-26.jpeg?resize=1024%2C683&amp;ssl=1 1024w, https:\/\/i0.wp.com\/juditandzsoltsf.com\/wp-content\/uploads\/2026\/07\/Kep-26.jpeg?resize=768%2C512&amp;ssl=1 768w, https:\/\/i0.wp.com\/juditandzsoltsf.com\/wp-content\/uploads\/2026\/07\/Kep-26.jpeg?resize=18%2C12&amp;ssl=1 18w\" sizes=\"(max-width: 1000px) 100vw, 1000px\" \/>\t\t\t\t\t\t\t\t\t\t\t\t\t\t\t<\/div>\n\t\t\t\t<\/div>\n\t\t\n<\/div>\n<div class=\"elementor-element elementor-element-fe2929a e-con e-atomic-element e-flexbox-base e-dc6f3a1\" data-id=\"fe2929a\" data-element_type=\"e-flexbox\" data-e-type=\"e-flexbox\" data-interaction-id=\"fe2929a\">\n    \t\t<div class=\"elementor-element elementor-element-41e3c82 elementor-widget elementor-widget-text-editor\" data-id=\"41e3c82\" data-element_type=\"widget\" data-e-type=\"widget\" data-widget_type=\"text-editor.default\">\n\t\t\t\t<div class=\"elementor-widget-container\">\n\t\t\t\t\t\t\t\t\t<p>Utols\u00f3 vers: az megv\u00e1lt\u00e1s c\u00e9lja, hogy m\u00e1r itt, a f\u00f6ld\u00f6n Istent mutassuk be, azzal, hogy szeretet van benn\u00fcnk, \u00e9s \u00fagy \u00e9l\u00fcnk, ahogy \u0150 szeretn\u00e9.<span class=\"Apple-converted-space\">\u00a0<\/span><\/p>\t\t\t\t\t\t\t\t<\/div>\n\t\t\t\t<\/div>\n\t\t\n<\/div>\n<div class=\"elementor-element elementor-element-111ea40 e-con e-atomic-element e-flexbox-base e-7cbca07\" data-id=\"111ea40\" data-element_type=\"e-flexbox\" data-e-type=\"e-flexbox\" data-interaction-id=\"111ea40\">\n    \t\t<div class=\"elementor-element elementor-element-360a198 elementor-widget elementor-widget-text-editor\" data-id=\"360a198\" data-element_type=\"widget\" data-e-type=\"widget\" data-widget_type=\"text-editor.default\">\n\t\t\t\t<div class=\"elementor-widget-container\">\n\t\t\t\t\t\t\t\t\t<blockquote><p>&#8220;Mert az \u0151 alkot\u00e1sa vagyunk, akiket Krisztus J\u00e9zusban j\u00f3 cselekedetekre teremtett, amelyeket el\u0151re elk\u00e9sz\u00edtett Isten, hogy azok szerint \u00e9lj\u00fcnk. Efezus 2:10<\/p><\/blockquote>\t\t\t\t\t\t\t\t<\/div>\n\t\t\t\t<\/div>\n\t\t\n<\/div>\n<div class=\"elementor-element elementor-element-cbcedaf e-con e-atomic-element e-flexbox-base e-9d7ef64\" data-id=\"cbcedaf\" data-element_type=\"e-flexbox\" data-e-type=\"e-flexbox\" data-interaction-id=\"cbcedaf\">\n    \t\t<div class=\"elementor-element elementor-element-ead48a1 elementor-widget elementor-widget-text-editor\" data-id=\"ead48a1\" data-element_type=\"widget\" data-e-type=\"widget\" data-widget_type=\"text-editor.default\">\n\t\t\t\t<div class=\"elementor-widget-container\">\n\t\t\t\t\t\t\t\t\t<p>Isten, a dics\u0151s\u00e9ges alkot\u00f3munk\u00e1j\u00e1t a mi j\u00f3 cselekedeteink mutatj\u00e1k meg a vil\u00e1gnak. A j\u00f3cselekedetek Isten dics\u0151s\u00e9g\u00e9re vannak. Nem kell azon er\u0151lk\u00f6dj\u00fcnk, hogy mit tegy\u00fcnk, mert Isten el\u0151re elk\u00e9sz\u00edtette azt sz\u00e1munkra a Bibli\u00e1ban \u00e9s az egy\u00e9ni \u00e9let\u00fcnkben. Ez azt jelenti, hogy \u0150 m\u00e1r el\u0151re elk\u00e9sz\u00edtette sz\u00e1munkra az utat, \u00e9s nek\u00fcnk csak menni kell rajta. Mivel isten ezt el\u0151re eltervezte, ha megtessz\u00fck ezeket, ISTEN EREJE lesz a seg\u00edts\u00e9g\u00fcnk.<\/p>\t\t\t\t\t\t\t\t<\/div>\n\t\t\t\t<\/div>\n\t\t\n<\/div>\n<div class=\"elementor-element elementor-element-403b00a e-con e-atomic-element e-flexbox-base e-fc93565\" data-id=\"403b00a\" data-element_type=\"e-flexbox\" data-e-type=\"e-flexbox\" data-interaction-id=\"403b00a\">\n    \t\t<div class=\"elementor-element elementor-element-ea29281 elementor-widget elementor-widget-heading\" data-id=\"ea29281\" data-element_type=\"widget\" data-e-type=\"widget\" data-widget_type=\"heading.default\">\n\t\t\t\t<div class=\"elementor-widget-container\">\n\t\t\t\t\t<h2 class=\"elementor-heading-title elementor-size-default\">Mit jelent ez a mindennapi \u00e9let\u00fcnkben?<\/h2>\t\t\t\t<\/div>\n\t\t\t\t<\/div>\n\t\t\n<\/div>\n<div class=\"elementor-element elementor-element-83b5950 e-con e-atomic-element e-flexbox-base e-41e0cfb\" data-id=\"83b5950\" data-element_type=\"e-flexbox\" data-e-type=\"e-flexbox\" data-interaction-id=\"83b5950\">\n    \t\t<div class=\"elementor-element elementor-element-40db6dc elementor-widget elementor-widget-text-editor\" data-id=\"40db6dc\" data-element_type=\"widget\" data-e-type=\"widget\" data-widget_type=\"text-editor.default\">\n\t\t\t\t<div class=\"elementor-widget-container\">\n\t\t\t\t\t\t\t\t\t<p>A mai ige vil\u00e1gosan r\u00e1mutat arra, hogy az embernek, \u00e9s ennek a csod\u00e1latos bab\u00e1nak is a legnagyobb sz\u00fcks\u00e9ge a megv\u00e1lt\u00e1s, hogy kapcsolatba ker\u00fclj\u00f6n Istennel, az \u00c9LET FORR\u00c1S\u00c1VAL. Ez\u00e9rt im\u00e1dkoztunk \u00e9s im\u00e1dkozunk \u00e9rte folyamatosan.<\/p>\t\t\t\t\t\t\t\t<\/div>\n\t\t\t\t<\/div>\n\t\t\n<\/div>\n<div class=\"elementor-element elementor-element-432c635 e-con e-atomic-element e-flexbox-base e-d96ca7d\" data-id=\"432c635\" data-element_type=\"e-flexbox\" data-e-type=\"e-flexbox\" data-interaction-id=\"432c635\">\n    \t\t<div class=\"elementor-element elementor-element-0afc296 elementor-widget elementor-widget-text-editor\" data-id=\"0afc296\" data-element_type=\"widget\" data-e-type=\"widget\" data-widget_type=\"text-editor.default\">\n\t\t\t\t<div class=\"elementor-widget-container\">\n\t\t\t\t\t\t\t\t\t<p>Az \u00f6r\u00f6k \u00e9let hit \u00e1ltalvan, nem cselekedetek\u00e9rt, de ha hittel elfogadtuk Krisztus megv\u00e1lt\u00e1s\u00e1t, az megl\u00e1tszik az \u00e9let\u00fcnk\u00f6n, j\u00f3 cselekedetek kezdenek egyre ink\u00e1bb mutatkozni rajtunk, amik Istent dics\u0151\u00edtik.<\/p>\t\t\t\t\t\t\t\t<\/div>\n\t\t\t\t<\/div>\n\t\t\n<\/div>\n<div class=\"elementor-element elementor-element-6c7cd1f e-con e-atomic-element e-flexbox-base e-2cd9357\" data-id=\"6c7cd1f\" data-element_type=\"e-flexbox\" data-e-type=\"e-flexbox\" data-interaction-id=\"6c7cd1f\">\n    \t\t<div class=\"elementor-element elementor-element-aa5584d elementor-widget elementor-widget-text-editor\" data-id=\"aa5584d\" data-element_type=\"widget\" data-e-type=\"widget\" data-widget_type=\"text-editor.default\">\n\t\t\t\t<div class=\"elementor-widget-container\">\n\t\t\t\t\t\t\t\t\t<p>Ahogy h\u0171s\u00e9gesen j\u00e1rjuk a h\u00edv\u0151 \u00e9let \u00fatj\u00e1t, egyre ink\u00e1bb kialakul az a remekm\u0171, amit Isten eltervezett, amikor megsz\u00fclett\u00fcnk. Ha elk\u00e9sz\u00fclt a remekm\u0171, akkor Isten levesz minket a fest\u0151\u00e1llv\u00e1nyr\u00f3l, \u00e9s bevisz a mennyei ki\u00e1ll\u00edt\u00f3terembe, ahol mindenki l\u00e1thatja rajtunk Isten csod\u00e1latos sz\u00e9ps\u00e9g\u00e9t \u00e9s dics\u0151s\u00e9g\u00e9t. Mindezt csak akkor he megt\u00e9r\u00fcnk \u00e9s Krisztusban maradunk.<\/p>\t\t\t\t\t\t\t\t<\/div>\n\t\t\t\t<\/div>\n\t\t\n<\/div>\n<div class=\"elementor-element elementor-element-ff72f21 e-con e-atomic-element e-flexbox-base e-02aff09\" data-id=\"ff72f21\" data-element_type=\"e-flexbox\" data-e-type=\"e-flexbox\" data-interaction-id=\"ff72f21\">\n    \t\t<div class=\"elementor-element elementor-element-3d5984d elementor-position-inline-end elementor-view-default elementor-mobile-position-block-start elementor-widget elementor-widget-icon-box\" data-id=\"3d5984d\" data-element_type=\"widget\" data-e-type=\"widget\" data-widget_type=\"icon-box.default\">\n\t\t\t\t<div class=\"elementor-widget-container\">\n\t\t\t\t\t\t\t<div class=\"elementor-icon-box-wrapper\">\n\n\t\t\t\t\t\t<div class=\"elementor-icon-box-icon\">\n\t\t\t\t<a href=\"https:\/\/youtu.be\/qxdycUWQB0k\" class=\"elementor-icon\" tabindex=\"-1\" aria-label=\"CLICK ON THE ICON TO LISTEN TO THE SERMON FOR THIS ARTICLE\">\n\t\t\t\t<svg aria-hidden=\"true\" class=\"e-font-icon-svg e-fab-youtube\" viewbox=\"0 0 576 512\" xmlns=\"http:\/\/www.w3.org\/2000\/svg\"><path d=\"M549.655 124.083c-6.281-23.65-24.787-42.276-48.284-48.597C458.781 64 288 64 288 64S117.22 64 74.629 75.486c-23.497 6.322-42.003 24.947-48.284 48.597-11.412 42.867-11.412 132.305-11.412 132.305s0 89.438 11.412 132.305c6.281 23.65 24.787 41.5 48.284 47.821C117.22 448 288 448 288 448s170.78 0 213.371-11.486c23.497-6.321 42.003-24.171 48.284-47.821 11.412-42.867 11.412-132.305 11.412-132.305s0-89.438-11.412-132.305zm-317.51 213.508V175.185l142.739 81.205-142.739 81.201z\"><\/path><\/svg>\t\t\t\t<\/a>\n\t\t\t<\/div>\n\t\t\t\n\t\t\t\t\t\t<div class=\"elementor-icon-box-content\">\n\n\t\t\t\t\t\t\t\t\t<h3 class=\"elementor-icon-box-title\">\n\t\t\t\t\t\t<a href=\"https:\/\/youtu.be\/qxdycUWQB0k\" >\n\t\t\t\t\t\t\tCLICK ON THE ICON TO LISTEN TO THE SERMON FOR THIS ARTICLE\t\t\t\t\t\t<\/a>\n\t\t\t\t\t<\/h3>\n\t\t\t\t\n\t\t\t\t\n\t\t\t<\/div>\n\t\t\t\n\t\t<\/div>\n\t\t\t\t\t\t<\/div>\n\t\t\t\t<\/div>\n\t\t\n<\/div>\n<div class=\"elementor-element elementor-element-e61d4d7 e-con e-atomic-element e-flexbox-base e-3c134bf\" data-id=\"e61d4d7\" data-element_type=\"e-flexbox\" data-e-type=\"e-flexbox\" data-interaction-id=\"e61d4d7\">\n    \t\t<div class=\"elementor-element elementor-element-dc603bc elementor-widget elementor-widget-heading\" data-id=\"dc603bc\" data-element_type=\"widget\" data-e-type=\"widget\" data-widget_type=\"heading.default\">\n\t\t\t\t<div class=\"elementor-widget-container\">\n\t\t\t\t\t<h5 class=\"elementor-heading-title elementor-size-default\">The sermon was preached at the \u00c9ltereval\u00f3k - Pestszentimrei Baptist Church.\n<\/h5>\t\t\t\t<\/div>\n\t\t\t\t<\/div>\n\t\t\n<\/div>\n<div class=\"elementor-element elementor-element-c568603 e-con e-atomic-element e-flexbox-base e-7e047f1\" data-id=\"c568603\" data-element_type=\"e-flexbox\" data-e-type=\"e-flexbox\" data-interaction-id=\"c568603\">\n    \t\t<div class=\"elementor-element elementor-element-bd3e7d3 elementor-widget elementor-widget-heading\" data-id=\"bd3e7d3\" data-element_type=\"widget\" data-e-type=\"widget\" data-widget_type=\"heading.default\">\n\t\t\t\t<div class=\"elementor-widget-container\">\n\t\t\t\t\t<h5 class=\"elementor-heading-title elementor-size-default\">Zsolt<\/h5>\t\t\t\t<\/div>\n\t\t\t\t<\/div>\n\t\t\n<\/div>\n<div class=\"elementor-element elementor-element-2ff018b e-con e-atomic-element e-flexbox-base e-b382cd4\" data-id=\"2ff018b\" data-element_type=\"e-flexbox\" data-e-type=\"e-flexbox\" data-interaction-id=\"2ff018b\">\n    \t\t<div class=\"elementor-element elementor-element-864dcb3 elementor-widget elementor-widget-heading\" data-id=\"864dcb3\" data-element_type=\"widget\" data-e-type=\"widget\" data-widget_type=\"heading.default\">\n\t\t\t\t<div class=\"elementor-widget-container\">\n\t\t\t\t\t<h3 class=\"elementor-heading-title elementor-size-default\"><a href=\"https:\/\/juditandzsoltsf.com\/en\/services\/szellemi-harc\/\">A KOR\u00c1BBI R\u00c9SZEKET ITT \u00c9RED EL:<\/a><\/h3>\t\t\t\t<\/div>\n\t\t\t\t<\/div>\n\t\t\n<\/div>\n\t\t<\/div>","protected":false},"excerpt":{"rendered":"<p>Kegyelemb\u0151l \u00e9lek, c\u00e9lra teremtve Mi lenne, ha azt mondan\u00e1m, hogy nem egyszer\u0171en egy ember vagy, hanem egy k\u00e9sz\u00fcl\u0151 remekm\u0171? Lehet, hogy most ink\u00e1bb a hib\u00e1idat, a kudarcaidat vagy a m\u00faltad terheit l\u00e1tod. Isten azonban eg\u00e9szen m\u00e1s szemmel n\u00e9z r\u00e1d. Az Ef\u00e9zusi lev\u00e9l 2. fejezete egyszerre mondja ki az ember legm\u00e9lyebb probl\u00e9m\u00e1j\u00e1t \u00e9s a legcsod\u00e1latosabb rem\u00e9nys\u00e9g\u00e9t: [&hellip;]<\/p>\n","protected":false},"author":1,"featured_media":6503,"comment_status":"open","ping_status":"open","sticky":false,"template":"","format":"standard","meta":{"nf_dc_page":"","site-sidebar-layout":"default","site-content-layout":"","ast-site-content-layout":"default","site-content-style":"default","site-sidebar-style":"default","ast-global-header-display":"","ast-banner-title-visibility":"","ast-main-header-display":"","ast-hfb-above-header-display":"","ast-hfb-below-header-display":"","ast-hfb-mobile-header-display":"","site-post-title":"","ast-breadcrumbs-content":"","ast-featured-img":"","footer-sml-layout":"","ast-disable-related-posts":"","theme-transparent-header-meta":"","adv-header-id-meta":"","stick-header-meta":"","header-above-stick-meta":"","header-main-stick-meta":"","header-below-stick-meta":"","astra-migrate-meta-layouts":"set","ast-page-background-enabled":"default","ast-page-background-meta":{"desktop":{"background-color":"var(--ast-global-color-4)","background-image":"","background-repeat":"repeat","background-position":"center center","background-size":"auto","background-attachment":"scroll","background-type":"","background-media":"","overlay-type":"","overlay-color":"","overlay-opacity":"","overlay-gradient":""},"tablet":{"background-color":"","background-image":"","background-repeat":"repeat","background-position":"center center","background-size":"auto","background-attachment":"scroll","background-type":"","background-media":"","overlay-type":"","overlay-color":"","overlay-opacity":"","overlay-gradient":""},"mobile":{"background-color":"","background-image":"","background-repeat":"repeat","background-position":"center center","background-size":"auto","background-attachment":"scroll","background-type":"","background-media":"","overlay-type":"","overlay-color":"","overlay-opacity":"","overlay-gradient":""}},"ast-content-background-meta":{"desktop":{"background-color":"var(--ast-global-color-5)","background-image":"","background-repeat":"repeat","background-position":"center center","background-size":"auto","background-attachment":"scroll","background-type":"","background-media":"","overlay-type":"","overlay-color":"","overlay-opacity":"","overlay-gradient":""},"tablet":{"background-color":"var(--ast-global-color-5)","background-image":"","background-repeat":"repeat","background-position":"center center","background-size":"auto","background-attachment":"scroll","background-type":"","background-media":"","overlay-type":"","overlay-color":"","overlay-opacity":"","overlay-gradient":""},"mobile":{"background-color":"var(--ast-global-color-5)","background-image":"","background-repeat":"repeat","background-position":"center center","background-size":"auto","background-attachment":"scroll","background-type":"","background-media":"","overlay-type":"","overlay-color":"","overlay-opacity":"","overlay-gradient":""}},"_jetpack_newsletter_access":"","_jetpack_dont_email_post_to_subs":false,"_jetpack_newsletter_tier_id":0,"_jetpack_memberships_contains_paywalled_content":false,"_jetpack_memberships_contains_paid_content":false,"footnotes":""},"categories":[6],"tags":[104,46,118,119,12],"class_list":["post-6492","post","type-post","status-publish","format-standard","has-post-thumbnail","hentry","category-blog","tag-efezusi-level","tag-identitas","tag-pal-apostol","tag-remekmu","tag-ujszovetseg"],"yoast_head":"<!-- This site is optimized with the Yoast SEO plugin v28.4 - https:\/\/yoast.com\/product\/yoast-seo-wordpress\/ -->\n<title>4. KRISZTUSBAN REMEKM\u0170 VAGYOK - Judit&amp;ZsoltSF<\/title>\n<meta name=\"robots\" content=\"index, follow, max-snippet:-1, max-image-preview:large, max-video-preview:-1\" \/>\n<link rel=\"canonical\" href=\"https:\/\/juditandzsoltsf.com\/en\/3-krisztusban-remekmu-vagyok\/\" \/>\n<meta property=\"og:locale\" content=\"en_US\" \/>\n<meta property=\"og:type\" content=\"article\" \/>\n<meta property=\"og:title\" content=\"4. KRISZTUSBAN REMEKM\u0170 VAGYOK - Judit&amp;ZsoltSF\" \/>\n<meta property=\"og:description\" content=\"Kegyelemb\u0151l \u00e9lek, c\u00e9lra teremtve Mi lenne, ha azt mondan\u00e1m, hogy nem egyszer\u0171en egy ember vagy, hanem egy k\u00e9sz\u00fcl\u0151 remekm\u0171? Lehet, hogy most ink\u00e1bb a hib\u00e1idat, a kudarcaidat vagy a m\u00faltad terheit l\u00e1tod. Isten azonban eg\u00e9szen m\u00e1s szemmel n\u00e9z r\u00e1d. Az Ef\u00e9zusi lev\u00e9l 2. fejezete egyszerre mondja ki az ember legm\u00e9lyebb probl\u00e9m\u00e1j\u00e1t \u00e9s a legcsod\u00e1latosabb rem\u00e9nys\u00e9g\u00e9t: [&hellip;]\" \/>\n<meta property=\"og:url\" content=\"https:\/\/juditandzsoltsf.com\/en\/3-krisztusban-remekmu-vagyok\/\" \/>\n<meta property=\"og:site_name\" content=\"Judit&amp;ZsoltSF\" \/>\n<meta property=\"article:published_time\" content=\"2026-07-23T06:44:28+00:00\" \/>\n<meta property=\"article:modified_time\" content=\"2026-08-16T14:45:02+00:00\" \/>\n<meta property=\"og:image\" content=\"https:\/\/juditandzsoltsf.com\/wp-content\/uploads\/2026\/07\/Kep-24.jpeg\" \/>\n\t<meta property=\"og:image:width\" content=\"1280\" \/>\n\t<meta property=\"og:image:height\" content=\"854\" \/>\n\t<meta property=\"og:image:type\" content=\"image\/jpeg\" \/>\n<meta name=\"author\" content=\"judit\" \/>\n<meta name=\"twitter:card\" content=\"summary_large_image\" \/>\n<meta name=\"twitter:label1\" content=\"Written by\" \/>\n\t<meta name=\"twitter:data1\" content=\"judit\" \/>\n\t<meta name=\"twitter:label2\" content=\"Est. reading time\" \/>\n\t<meta name=\"twitter:data2\" content=\"5 minutes\" \/>\n<script type=\"application\/ld+json\" class=\"yoast-schema-graph\">{\"@context\":\"https:\\\/\\\/schema.org\",\"@graph\":[{\"@type\":\"Article\",\"@id\":\"https:\\\/\\\/juditandzsoltsf.com\\\/3-krisztusban-remekmu-vagyok\\\/#article\",\"isPartOf\":{\"@id\":\"https:\\\/\\\/juditandzsoltsf.com\\\/3-krisztusban-remekmu-vagyok\\\/\"},\"author\":{\"name\":\"judit\",\"@id\":\"https:\\\/\\\/juditandzsoltsf.com\\\/#\\\/schema\\\/person\\\/5982680a0bef03f4d516e857679823a9\"},\"headline\":\"4. KRISZTUSBAN REMEKM\u0170 VAGYOK\",\"datePublished\":\"2026-07-23T06:44:28+00:00\",\"dateModified\":\"2026-08-16T14:45:02+00:00\",\"mainEntityOfPage\":{\"@id\":\"https:\\\/\\\/juditandzsoltsf.com\\\/3-krisztusban-remekmu-vagyok\\\/\"},\"wordCount\":1559,\"commentCount\":0,\"publisher\":{\"@id\":\"https:\\\/\\\/juditandzsoltsf.com\\\/#organization\"},\"image\":{\"@id\":\"https:\\\/\\\/juditandzsoltsf.com\\\/3-krisztusban-remekmu-vagyok\\\/#primaryimage\"},\"thumbnailUrl\":\"https:\\\/\\\/i0.wp.com\\\/juditandzsoltsf.com\\\/wp-content\\\/uploads\\\/2026\\\/07\\\/Kep-24.jpeg?fit=1280%2C854&ssl=1\",\"keywords\":[\"Efezusi lev\u00e9l\",\"Identit\u00e1s\",\"P\u00e1l Apostol\",\"remekm\u0171\",\"\u00dajsz\u00f6vets\u00e9g\"],\"articleSection\":[\"Blog\"],\"inLanguage\":\"en-US\",\"potentialAction\":[{\"@type\":\"CommentAction\",\"name\":\"Comment\",\"target\":[\"https:\\\/\\\/juditandzsoltsf.com\\\/3-krisztusban-remekmu-vagyok\\\/#respond\"]}]},{\"@type\":\"WebPage\",\"@id\":\"https:\\\/\\\/juditandzsoltsf.com\\\/3-krisztusban-remekmu-vagyok\\\/\",\"url\":\"https:\\\/\\\/juditandzsoltsf.com\\\/3-krisztusban-remekmu-vagyok\\\/\",\"name\":\"4. KRISZTUSBAN REMEKM\u0170 VAGYOK - Judit&amp;ZsoltSF\",\"isPartOf\":{\"@id\":\"https:\\\/\\\/juditandzsoltsf.com\\\/#website\"},\"primaryImageOfPage\":{\"@id\":\"https:\\\/\\\/juditandzsoltsf.com\\\/3-krisztusban-remekmu-vagyok\\\/#primaryimage\"},\"image\":{\"@id\":\"https:\\\/\\\/juditandzsoltsf.com\\\/3-krisztusban-remekmu-vagyok\\\/#primaryimage\"},\"thumbnailUrl\":\"https:\\\/\\\/i0.wp.com\\\/juditandzsoltsf.com\\\/wp-content\\\/uploads\\\/2026\\\/07\\\/Kep-24.jpeg?fit=1280%2C854&ssl=1\",\"datePublished\":\"2026-07-23T06:44:28+00:00\",\"dateModified\":\"2026-08-16T14:45:02+00:00\",\"breadcrumb\":{\"@id\":\"https:\\\/\\\/juditandzsoltsf.com\\\/3-krisztusban-remekmu-vagyok\\\/#breadcrumb\"},\"inLanguage\":\"en-US\",\"potentialAction\":[{\"@type\":\"ReadAction\",\"target\":[\"https:\\\/\\\/juditandzsoltsf.com\\\/3-krisztusban-remekmu-vagyok\\\/\"]}]},{\"@type\":\"ImageObject\",\"inLanguage\":\"en-US\",\"@id\":\"https:\\\/\\\/juditandzsoltsf.com\\\/3-krisztusban-remekmu-vagyok\\\/#primaryimage\",\"url\":\"https:\\\/\\\/i0.wp.com\\\/juditandzsoltsf.com\\\/wp-content\\\/uploads\\\/2026\\\/07\\\/Kep-24.jpeg?fit=1280%2C854&ssl=1\",\"contentUrl\":\"https:\\\/\\\/i0.wp.com\\\/juditandzsoltsf.com\\\/wp-content\\\/uploads\\\/2026\\\/07\\\/Kep-24.jpeg?fit=1280%2C854&ssl=1\",\"width\":1280,\"height\":854},{\"@type\":\"BreadcrumbList\",\"@id\":\"https:\\\/\\\/juditandzsoltsf.com\\\/3-krisztusban-remekmu-vagyok\\\/#breadcrumb\",\"itemListElement\":[{\"@type\":\"ListItem\",\"position\":1,\"name\":\"Home\",\"item\":\"https:\\\/\\\/juditandzsoltsf.com\\\/\"},{\"@type\":\"ListItem\",\"position\":2,\"name\":\"4. KRISZTUSBAN REMEKM\u0170 VAGYOK\"}]},{\"@type\":\"WebSite\",\"@id\":\"https:\\\/\\\/juditandzsoltsf.com\\\/#website\",\"url\":\"https:\\\/\\\/juditandzsoltsf.com\\\/\",\"name\":\"Judit&amp;ZsoltSF\",\"description\":\"Blog\",\"publisher\":{\"@id\":\"https:\\\/\\\/juditandzsoltsf.com\\\/#organization\"},\"potentialAction\":[{\"@type\":\"SearchAction\",\"target\":{\"@type\":\"EntryPoint\",\"urlTemplate\":\"https:\\\/\\\/juditandzsoltsf.com\\\/?s={search_term_string}\"},\"query-input\":{\"@type\":\"PropertyValueSpecification\",\"valueRequired\":true,\"valueName\":\"search_term_string\"}}],\"inLanguage\":\"en-US\"},{\"@type\":\"Organization\",\"@id\":\"https:\\\/\\\/juditandzsoltsf.com\\\/#organization\",\"name\":\"Judit&amp;ZsoltSF\",\"url\":\"https:\\\/\\\/juditandzsoltsf.com\\\/\",\"logo\":{\"@type\":\"ImageObject\",\"inLanguage\":\"en-US\",\"@id\":\"https:\\\/\\\/juditandzsoltsf.com\\\/#\\\/schema\\\/logo\\\/image\\\/\",\"url\":\"https:\\\/\\\/i0.wp.com\\\/juditandzsoltsf.com\\\/wp-content\\\/uploads\\\/2024\\\/10\\\/699J6M-LogoMakr.webp?fit=250%2C123&ssl=1\",\"contentUrl\":\"https:\\\/\\\/i0.wp.com\\\/juditandzsoltsf.com\\\/wp-content\\\/uploads\\\/2024\\\/10\\\/699J6M-LogoMakr.webp?fit=250%2C123&ssl=1\",\"width\":250,\"height\":123,\"caption\":\"Judit&amp;ZsoltSF\"},\"image\":{\"@id\":\"https:\\\/\\\/juditandzsoltsf.com\\\/#\\\/schema\\\/logo\\\/image\\\/\"}},{\"@type\":\"Person\",\"@id\":\"https:\\\/\\\/juditandzsoltsf.com\\\/#\\\/schema\\\/person\\\/5982680a0bef03f4d516e857679823a9\",\"name\":\"judit\",\"image\":{\"@type\":\"ImageObject\",\"inLanguage\":\"en-US\",\"@id\":\"https:\\\/\\\/secure.gravatar.com\\\/avatar\\\/28a125569ec16b396eadd21bfb36ae05e3f2e50a6d124fc27f676024e03973b3?s=96&d=mm&r=g\",\"url\":\"https:\\\/\\\/secure.gravatar.com\\\/avatar\\\/28a125569ec16b396eadd21bfb36ae05e3f2e50a6d124fc27f676024e03973b3?s=96&d=mm&r=g\",\"contentUrl\":\"https:\\\/\\\/secure.gravatar.com\\\/avatar\\\/28a125569ec16b396eadd21bfb36ae05e3f2e50a6d124fc27f676024e03973b3?s=96&d=mm&r=g\",\"caption\":\"judit\"},\"sameAs\":[\"https:\\\/\\\/juditandzsoltsf.com\"],\"url\":\"https:\\\/\\\/juditandzsoltsf.com\\\/en\\\/author\\\/judit\\\/\"}]}<\/script>\n<!-- \/ Yoast SEO plugin. -->","yoast_head_json":{"title":"4. KRISZTUSBAN REMEKM\u0170 VAGYOK - Judit&amp;ZsoltSF","robots":{"index":"index","follow":"follow","max-snippet":"max-snippet:-1","max-image-preview":"max-image-preview:large","max-video-preview":"max-video-preview:-1"},"canonical":"https:\/\/juditandzsoltsf.com\/en\/3-krisztusban-remekmu-vagyok\/","og_locale":"en_US","og_type":"article","og_title":"4. KRISZTUSBAN REMEKM\u0170 VAGYOK - Judit&amp;ZsoltSF","og_description":"Kegyelemb\u0151l \u00e9lek, c\u00e9lra teremtve Mi lenne, ha azt mondan\u00e1m, hogy nem egyszer\u0171en egy ember vagy, hanem egy k\u00e9sz\u00fcl\u0151 remekm\u0171? Lehet, hogy most ink\u00e1bb a hib\u00e1idat, a kudarcaidat vagy a m\u00faltad terheit l\u00e1tod. Isten azonban eg\u00e9szen m\u00e1s szemmel n\u00e9z r\u00e1d. Az Ef\u00e9zusi lev\u00e9l 2. fejezete egyszerre mondja ki az ember legm\u00e9lyebb probl\u00e9m\u00e1j\u00e1t \u00e9s a legcsod\u00e1latosabb rem\u00e9nys\u00e9g\u00e9t: [&hellip;]","og_url":"https:\/\/juditandzsoltsf.com\/en\/3-krisztusban-remekmu-vagyok\/","og_site_name":"Judit&amp;ZsoltSF","article_published_time":"2026-07-23T06:44:28+00:00","article_modified_time":"2026-08-16T14:45:02+00:00","og_image":[{"width":1280,"height":854,"url":"https:\/\/juditandzsoltsf.com\/wp-content\/uploads\/2026\/07\/Kep-24.jpeg","type":"image\/jpeg"}],"author":"judit","twitter_card":"summary_large_image","twitter_misc":{"Written by":"judit","Est. reading time":"5 minutes"},"schema":{"@context":"https:\/\/schema.org","@graph":[{"@type":"Article","@id":"https:\/\/juditandzsoltsf.com\/3-krisztusban-remekmu-vagyok\/#article","isPartOf":{"@id":"https:\/\/juditandzsoltsf.com\/3-krisztusban-remekmu-vagyok\/"},"author":{"name":"judit","@id":"https:\/\/juditandzsoltsf.com\/#\/schema\/person\/5982680a0bef03f4d516e857679823a9"},"headline":"4. KRISZTUSBAN REMEKM\u0170 VAGYOK","datePublished":"2026-07-23T06:44:28+00:00","dateModified":"2026-08-16T14:45:02+00:00","mainEntityOfPage":{"@id":"https:\/\/juditandzsoltsf.com\/3-krisztusban-remekmu-vagyok\/"},"wordCount":1559,"commentCount":0,"publisher":{"@id":"https:\/\/juditandzsoltsf.com\/#organization"},"image":{"@id":"https:\/\/juditandzsoltsf.com\/3-krisztusban-remekmu-vagyok\/#primaryimage"},"thumbnailUrl":"https:\/\/i0.wp.com\/juditandzsoltsf.com\/wp-content\/uploads\/2026\/07\/Kep-24.jpeg?fit=1280%2C854&ssl=1","keywords":["Efezusi lev\u00e9l","Identit\u00e1s","P\u00e1l Apostol","remekm\u0171","\u00dajsz\u00f6vets\u00e9g"],"articleSection":["Blog"],"inLanguage":"en-US","potentialAction":[{"@type":"CommentAction","name":"Comment","target":["https:\/\/juditandzsoltsf.com\/3-krisztusban-remekmu-vagyok\/#respond"]}]},{"@type":"WebPage","@id":"https:\/\/juditandzsoltsf.com\/3-krisztusban-remekmu-vagyok\/","url":"https:\/\/juditandzsoltsf.com\/3-krisztusban-remekmu-vagyok\/","name":"4. KRISZTUSBAN REMEKM\u0170 VAGYOK - Judit&amp;ZsoltSF","isPartOf":{"@id":"https:\/\/juditandzsoltsf.com\/#website"},"primaryImageOfPage":{"@id":"https:\/\/juditandzsoltsf.com\/3-krisztusban-remekmu-vagyok\/#primaryimage"},"image":{"@id":"https:\/\/juditandzsoltsf.com\/3-krisztusban-remekmu-vagyok\/#primaryimage"},"thumbnailUrl":"https:\/\/i0.wp.com\/juditandzsoltsf.com\/wp-content\/uploads\/2026\/07\/Kep-24.jpeg?fit=1280%2C854&ssl=1","datePublished":"2026-07-23T06:44:28+00:00","dateModified":"2026-08-16T14:45:02+00:00","breadcrumb":{"@id":"https:\/\/juditandzsoltsf.com\/3-krisztusban-remekmu-vagyok\/#breadcrumb"},"inLanguage":"en-US","potentialAction":[{"@type":"ReadAction","target":["https:\/\/juditandzsoltsf.com\/3-krisztusban-remekmu-vagyok\/"]}]},{"@type":"ImageObject","inLanguage":"en-US","@id":"https:\/\/juditandzsoltsf.com\/3-krisztusban-remekmu-vagyok\/#primaryimage","url":"https:\/\/i0.wp.com\/juditandzsoltsf.com\/wp-content\/uploads\/2026\/07\/Kep-24.jpeg?fit=1280%2C854&ssl=1","contentUrl":"https:\/\/i0.wp.com\/juditandzsoltsf.com\/wp-content\/uploads\/2026\/07\/Kep-24.jpeg?fit=1280%2C854&ssl=1","width":1280,"height":854},{"@type":"BreadcrumbList","@id":"https:\/\/juditandzsoltsf.com\/3-krisztusban-remekmu-vagyok\/#breadcrumb","itemListElement":[{"@type":"ListItem","position":1,"name":"Home","item":"https:\/\/juditandzsoltsf.com\/"},{"@type":"ListItem","position":2,"name":"4. KRISZTUSBAN REMEKM\u0170 VAGYOK"}]},{"@type":"WebSite","@id":"https:\/\/juditandzsoltsf.com\/#website","url":"https:\/\/juditandzsoltsf.com\/","name":"Judit&amp;ZsoltSF","description":"Blog","publisher":{"@id":"https:\/\/juditandzsoltsf.com\/#organization"},"potentialAction":[{"@type":"SearchAction","target":{"@type":"EntryPoint","urlTemplate":"https:\/\/juditandzsoltsf.com\/?s={search_term_string}"},"query-input":{"@type":"PropertyValueSpecification","valueRequired":true,"valueName":"search_term_string"}}],"inLanguage":"en-US"},{"@type":"Organization","@id":"https:\/\/juditandzsoltsf.com\/#organization","name":"Judit&amp;ZsoltSF","url":"https:\/\/juditandzsoltsf.com\/","logo":{"@type":"ImageObject","inLanguage":"en-US","@id":"https:\/\/juditandzsoltsf.com\/#\/schema\/logo\/image\/","url":"https:\/\/i0.wp.com\/juditandzsoltsf.com\/wp-content\/uploads\/2024\/10\/699J6M-LogoMakr.webp?fit=250%2C123&ssl=1","contentUrl":"https:\/\/i0.wp.com\/juditandzsoltsf.com\/wp-content\/uploads\/2024\/10\/699J6M-LogoMakr.webp?fit=250%2C123&ssl=1","width":250,"height":123,"caption":"Judit&amp;ZsoltSF"},"image":{"@id":"https:\/\/juditandzsoltsf.com\/#\/schema\/logo\/image\/"}},{"@type":"Person","@id":"https:\/\/juditandzsoltsf.com\/#\/schema\/person\/5982680a0bef03f4d516e857679823a9","name":"judit","image":{"@type":"ImageObject","inLanguage":"en-US","@id":"https:\/\/secure.gravatar.com\/avatar\/28a125569ec16b396eadd21bfb36ae05e3f2e50a6d124fc27f676024e03973b3?s=96&d=mm&r=g","url":"https:\/\/secure.gravatar.com\/avatar\/28a125569ec16b396eadd21bfb36ae05e3f2e50a6d124fc27f676024e03973b3?s=96&d=mm&r=g","contentUrl":"https:\/\/secure.gravatar.com\/avatar\/28a125569ec16b396eadd21bfb36ae05e3f2e50a6d124fc27f676024e03973b3?s=96&d=mm&r=g","caption":"judit"},"sameAs":["https:\/\/juditandzsoltsf.com"],"url":"https:\/\/juditandzsoltsf.com\/en\/author\/judit\/"}]}},"jetpack_sharing_enabled":true,"jetpack_featured_media_url":"https:\/\/i0.wp.com\/juditandzsoltsf.com\/wp-content\/uploads\/2026\/07\/Kep-24.jpeg?fit=1280%2C854&ssl=1","rttpg_featured_image_url":{"full":["https:\/\/i0.wp.com\/juditandzsoltsf.com\/wp-content\/uploads\/2026\/07\/Kep-24.jpeg?fit=1280%2C854&ssl=1",1280,854,false],"landscape":["https:\/\/juditandzsoltsf.com\/wp-content\/uploads\/2026\/07\/Kep-24.jpeg",1280,854,false],"portraits":["https:\/\/juditandzsoltsf.com\/wp-content\/uploads\/2026\/07\/Kep-24.jpeg",1280,854,false],"thumbnail":["https:\/\/i0.wp.com\/juditandzsoltsf.com\/wp-content\/uploads\/2026\/07\/Kep-24.jpeg?resize=150%2C150&ssl=1",150,150,true],"medium":["https:\/\/i0.wp.com\/juditandzsoltsf.com\/wp-content\/uploads\/2026\/07\/Kep-24.jpeg?fit=300%2C200&ssl=1",300,200,true],"large":["https:\/\/i0.wp.com\/juditandzsoltsf.com\/wp-content\/uploads\/2026\/07\/Kep-24.jpeg?fit=1024%2C683&ssl=1",1024,683,true],"1536x1536":["https:\/\/i0.wp.com\/juditandzsoltsf.com\/wp-content\/uploads\/2026\/07\/Kep-24.jpeg?fit=1280%2C854&ssl=1",1280,854,true],"2048x2048":["https:\/\/i0.wp.com\/juditandzsoltsf.com\/wp-content\/uploads\/2026\/07\/Kep-24.jpeg?fit=1280%2C854&ssl=1",1280,854,true],"trp-custom-language-flag":["https:\/\/i0.wp.com\/juditandzsoltsf.com\/wp-content\/uploads\/2026\/07\/Kep-24.jpeg?fit=18%2C12&ssl=1",18,12,true]},"rttpg_author":{"display_name":"judit","author_link":"https:\/\/juditandzsoltsf.com\/en\/author\/judit\/"},"rttpg_comment":0,"rttpg_category":"<a href=\"https:\/\/juditandzsoltsf.com\/en\/category\/blog\/\" rel=\"category tag\">Blog<\/a>","rttpg_excerpt":"Kegyelemb\u0151l \u00e9lek, c\u00e9lra teremtve Mi lenne, ha azt mondan\u00e1m, hogy nem egyszer\u0171en egy ember vagy, hanem egy k\u00e9sz\u00fcl\u0151 remekm\u0171? Lehet, hogy most ink\u00e1bb a hib\u00e1idat, a kudarcaidat vagy a m\u00faltad terheit l\u00e1tod. Isten azonban eg\u00e9szen m\u00e1s szemmel n\u00e9z r\u00e1d. Az Ef\u00e9zusi lev\u00e9l 2. fejezete egyszerre mondja ki az ember legm\u00e9lyebb probl\u00e9m\u00e1j\u00e1t \u00e9s a legcsod\u00e1latosabb rem\u00e9nys\u00e9g\u00e9t:&hellip;","_links":{"self":[{"href":"https:\/\/juditandzsoltsf.com\/en\/wp-json\/wp\/v2\/posts\/6492","targetHints":{"allow":["GET"]}}],"collection":[{"href":"https:\/\/juditandzsoltsf.com\/en\/wp-json\/wp\/v2\/posts"}],"about":[{"href":"https:\/\/juditandzsoltsf.com\/en\/wp-json\/wp\/v2\/types\/post"}],"author":[{"embeddable":true,"href":"https:\/\/juditandzsoltsf.com\/en\/wp-json\/wp\/v2\/users\/1"}],"replies":[{"embeddable":true,"href":"https:\/\/juditandzsoltsf.com\/en\/wp-json\/wp\/v2\/comments?post=6492"}],"version-history":[{"count":20,"href":"https:\/\/juditandzsoltsf.com\/en\/wp-json\/wp\/v2\/posts\/6492\/revisions"}],"predecessor-version":[{"id":6617,"href":"https:\/\/juditandzsoltsf.com\/en\/wp-json\/wp\/v2\/posts\/6492\/revisions\/6617"}],"wp:featuredmedia":[{"embeddable":true,"href":"https:\/\/juditandzsoltsf.com\/en\/wp-json\/wp\/v2\/media\/6503"}],"wp:attachment":[{"href":"https:\/\/juditandzsoltsf.com\/en\/wp-json\/wp\/v2\/media?parent=6492"}],"wp:term":[{"taxonomy":"category","embeddable":true,"href":"https:\/\/juditandzsoltsf.com\/en\/wp-json\/wp\/v2\/categories?post=6492"},{"taxonomy":"post_tag","embeddable":true,"href":"https:\/\/juditandzsoltsf.com\/en\/wp-json\/wp\/v2\/tags?post=6492"}],"curies":[{"name":"wp","href":"https:\/\/api.w.org\/{rel}","templated":true}]}}